{"id":4838,"date":"2019-05-17T23:08:52","date_gmt":"2019-05-17T23:08:52","guid":{"rendered":"http:\/\/elobservatorio.com.mx\/hacemos-nuestra-la-voz-del-cabildo-infantil-y-trabajaremos-para-resolver-sus-peticiones-rafael-mendoza"},"modified":"2019-05-17T23:08:52","modified_gmt":"2019-05-17T23:08:52","slug":"hacemos-nuestra-la-voz-del-cabildo-infantil-y-trabajaremos-para-resolver-sus-peticiones-rafael-mendoza","status":"publish","type":"post","link":"http:\/\/elobservatorio.com.mx\/?p=4838","title":{"rendered":"Hacemos nuestra la voz del cabildo infantil y trabajaremos para resolver sus peticiones: Rafael Mendoza"},"content":{"rendered":"<p>En el marco del desarrollo de la Sesi\u00f3n del Cabildo infantil, llevada a cabo este 17 de mayo en las instalaciones del Centro Cultural Cuauht\u00e9moc; el presidente municipal, Rafael Mendoza, agradeci\u00f3 al pleno del cabildo, al DIF municipal y a todos quienes hacen posible esta Sesi\u00f3n de Cabildo Infantil 2019; adem\u00e1s de felicitar a los ediles infantiles por \u201catreverse a estar aqu\u00ed y representar a nuestros ni\u00f1os, ni\u00f1as y adolescentes de todo el municipio y traer ese mensaje al seno del cabildo donde se trata la problem\u00e1tica del municipio\u201d.<\/p>\n<p>Dijo que la voz tra\u00edda al seno del cabildo infantil \u201cla hacemos nuestra, porque la problem\u00e1tica aqu\u00ed planteada es la que vivimos todos los d\u00edas\u201d; reconoci\u00f3 que necesidades hay muchas y por supuesto hace falta mucho por resolver, destacando que tom\u00f3 nota de todos los planteamientos del Cabildo Infantil para darles seguimiento.<\/p>\n<p>Indic\u00f3 que en algunos aspectos ya trabajan como autoridades para resolverlos, como el tema del agua potable que afecta en todo el municipio, \u201ctrabajamos para abatir ese problema\u201d, detall\u00f3 que en algunas comunidades hacen falta pozos nuevos, tanques elevados, en otros casos simplemente cuidar m\u00e1s el agua en casa, pues se siguen detectando tiraderos en viviendas donde regularmente sus habitantes se van a trabajar y dejan la llave abierta, lo cual se resuelve con un flotador, \u201cas\u00ed que gobierno y sociedad, si ponemos de nuestra parte lograremos abatir muchos problemas, entre ellos el del agua\u201d.<\/p>\n<p>Mendoza God\u00ednez dijo que tambi\u00e9n se enfocan en la cuesti\u00f3n de mejora de calles, \u201csabemos que se necesita rehabilitarlas y en ello trabajamos desde el gobierno municipal\u201d y aunque algunos temas se\u00a0 escapan por la cantidad de situaciones que se atienden, como autoridades,\u00a0 en el caso del Cabildo Infantil \u201ctomamos nota de cada uno de sus planteamientos, pues es importante escuchar a los ni\u00f1os y tomar acci\u00f3n para resolver sus peticiones\u201d.<\/p>\n<p>La bienvenida a este Cabildo Infantil estuvo a cargo de la presidenta del DIF municipal, Marily Mendoza God\u00ednez, quien destac\u00f3 la importancia de que los ni\u00f1os alcen la voz y presenten su propia perspectiva o visi\u00f3n, con la idea de incurrir en cambios positivos hacia su comunidad, escuela o su familia.<\/p>\n<p>Dijo que esta actividad forma parte de la promoci\u00f3n de los derechos de los ni\u00f1os, ni\u00f1as y adolescentes, con la finalidad de fortalecer y orientar las pol\u00edticas p\u00fablicas hacia la protecci\u00f3n y reconocimiento de los ni\u00f1os, ni\u00f1as y adolescentes como sujetos de derechos; adem\u00e1s de promover y asegurar una efectiva participaci\u00f3n infantil.<\/p>\n<p>Fungieron en este Cabildo infantil como presidenta, Perla Sarah\u00ed Valdovinos V\u00e1zquez; s\u00edndico, Carol Guadalupe Orozco Aguirre; secretario, Luis Wilfrido Sol\u00eds Garc\u00eda; regidores: Dulce Mar\u00eda \u00c1lvarez Salgado, Jazmine Mungu\u00eda Negrete, \u00c1ngel Yahel Castrej\u00f3n Ochoa, Valeria Peralta Mungu\u00eda, Natalia Guadalupe Torres Mata, Emilio Israel Puga Hern\u00e1ndez, Kaethleen Sol\u00eds Villaruel, Karen Gabriela Buenrostro G\u00f3mez y Dulce Mar\u00eda Plascencia Rinc\u00f3n.<\/p>\n<p>De igual manera se integraron como presidenta\u00a0 y directora del DIF municipal por un d\u00eda, las ni\u00f1as: Karol Joseline Anzar C\u00e1rdenas y Yohziri Arlette Velasco Curiel, recibiendo todos los participantes infantiles su respectivo reconocimiento de mano de las autoridades.<\/p>\n<p>Cabe mencionar que los menores hicieron diversos planteamientos, algunos generales\u00a0 como la promoci\u00f3n y respeto a sus derechos; y en otros casos, hubo peticiones concretas cuya soluci\u00f3n recae directamente en las autoridades municipales o educativas; comprometi\u00e9ndose por ello, el alcalde, a dar seguimiento.<\/p>\n","protected":false},"excerpt":{"rendered":"<p>En el marco del desarrollo de la Sesi\u00f3n del Cabildo infantil, llevada a cabo este 17 de mayo en las instalaciones del Centro Cultural Cuauht\u00e9moc; el presidente municipal, Rafael Mendoza, agradeci\u00f3 al pleno del cabildo, al DIF municipal y a todos quienes hacen posible esta Sesi\u00f3n de Cabildo Infantil 2019; adem\u00e1s de felicitar a los&#8230;<\/p>\n","protected":false},"author":2,"featured_media":4839,"comment_status":"open","ping_status":"open","sticky":false,"template":"","format":"standard","meta":{"footnotes":""},"categories":[40,8],"tags":[29,30,28],"class_list":["post-4838","post","type-post","status-publish","format-standard","has-post-thumbnail","hentry","category-cuauhtemoc","category-municipios","tag-grid","tag-news","tag-slider"],"_links":{"self":[{"href":"http:\/\/elobservatorio.com.mx\/index.php?rest_route=\/wp\/v2\/posts\/4838"}],"collection":[{"href":"http:\/\/elobservatorio.com.mx\/index.php?rest_route=\/wp\/v2\/posts"}],"about":[{"href":"http:\/\/elobservatorio.com.mx\/index.php?rest_route=\/wp\/v2\/types\/post"}],"author":[{"embeddable":true,"href":"http:\/\/elobservatorio.com.mx\/index.php?rest_route=\/wp\/v2\/users\/2"}],"replies":[{"embeddable":true,"href":"http:\/\/elobservatorio.com.mx\/index.php?rest_route=%2Fwp%2Fv2%2Fcomments&post=4838"}],"version-history":[{"count":0,"href":"http:\/\/elobservatorio.com.mx\/index.php?rest_route=\/wp\/v2\/posts\/4838\/revisions"}],"wp:featuredmedia":[{"embeddable":true,"href":"http:\/\/elobservatorio.com.mx\/index.php?rest_route=\/wp\/v2\/media\/4839"}],"wp:attachment":[{"href":"http:\/\/elobservatorio.com.mx\/index.php?rest_route=%2Fwp%2Fv2%2Fmedia&parent=4838"}],"wp:term":[{"taxonomy":"category","embeddable":true,"href":"http:\/\/elobservatorio.com.mx\/index.php?rest_route=%2Fwp%2Fv2%2Fcategories&post=4838"},{"taxonomy":"post_tag","embeddable":true,"href":"http:\/\/elobservatorio.com.mx\/index.php?rest_route=%2Fwp%2Fv2%2Ftags&post=4838"}],"curies":[{"name":"wp","href":"https:\/\/api.w.org\/{rel}","templated":true}]}}