{"id":4845,"date":"2019-05-18T00:31:30","date_gmt":"2019-05-18T00:31:30","guid":{"rendered":"http:\/\/elobservatorio.com.mx\/nombran-a-lizbeth-fernandez-rivera-como-titular-de-la-comision-estatal-contra-las-adicciones"},"modified":"2019-05-18T00:31:30","modified_gmt":"2019-05-18T00:31:30","slug":"nombran-a-lizbeth-fernandez-rivera-como-titular-de-la-comision-estatal-contra-las-adicciones","status":"publish","type":"post","link":"http:\/\/elobservatorio.com.mx\/?p=4845","title":{"rendered":"Nombran a Lizbeth Fern\u00e1ndez Rivera como titular de la Comisi\u00f3n Estatal contra las Adicciones"},"content":{"rendered":"<p>Por disposici\u00f3n del gobernador Jos\u00e9 Ignacio Peralta S\u00e1nchez, el secretario de Salud y Bienestar Social, Miguel Becerra Hern\u00e1ndez, nombr\u00f3 a Lizbeth Fern\u00e1ndez Rivera como titular de la Comisi\u00f3n Estatal contra las Adicciones, en sustituci\u00f3n de Mart\u00edn Rizo Puente (izquierda). El funcionario agradeci\u00f3 la labor que realiz\u00f3 este \u00faltimo en el Ceca y confi\u00f3 en que la nueva comisionada realizar\u00e1 un trabajo que permita continuar con la prevenci\u00f3n de las adicciones en la entidad.<\/p>\n","protected":false},"excerpt":{"rendered":"<p>Por disposici\u00f3n del gobernador Jos\u00e9 Ignacio Peralta S\u00e1nchez, el secretario de Salud y Bienestar Social, Miguel Becerra Hern\u00e1ndez, nombr\u00f3 a Lizbeth Fern\u00e1ndez Rivera como titular de la Comisi\u00f3n Estatal contra las Adicciones, en sustituci\u00f3n de Mart\u00edn Rizo Puente (izquierda). El funcionario agradeci\u00f3 la labor que realiz\u00f3 este \u00faltimo en el Ceca y confi\u00f3 en que&#8230;<\/p>\n","protected":false},"author":2,"featured_media":4846,"comment_status":"open","ping_status":"open","sticky":false,"template":"","format":"standard","meta":{"footnotes":""},"categories":[9,19],"tags":[29,30,28],"class_list":["post-4845","post","type-post","status-publish","format-standard","has-post-thumbnail","hentry","category-agro-y-salud","category-fotonotas","tag-grid","tag-news","tag-slider"],"_links":{"self":[{"href":"http:\/\/elobservatorio.com.mx\/index.php?rest_route=\/wp\/v2\/posts\/4845"}],"collection":[{"href":"http:\/\/elobservatorio.com.mx\/index.php?rest_route=\/wp\/v2\/posts"}],"about":[{"href":"http:\/\/elobservatorio.com.mx\/index.php?rest_route=\/wp\/v2\/types\/post"}],"author":[{"embeddable":true,"href":"http:\/\/elobservatorio.com.mx\/index.php?rest_route=\/wp\/v2\/users\/2"}],"replies":[{"embeddable":true,"href":"http:\/\/elobservatorio.com.mx\/index.php?rest_route=%2Fwp%2Fv2%2Fcomments&post=4845"}],"version-history":[{"count":0,"href":"http:\/\/elobservatorio.com.mx\/index.php?rest_route=\/wp\/v2\/posts\/4845\/revisions"}],"wp:featuredmedia":[{"embeddable":true,"href":"http:\/\/elobservatorio.com.mx\/index.php?rest_route=\/wp\/v2\/media\/4846"}],"wp:attachment":[{"href":"http:\/\/elobservatorio.com.mx\/index.php?rest_route=%2Fwp%2Fv2%2Fmedia&parent=4845"}],"wp:term":[{"taxonomy":"category","embeddable":true,"href":"http:\/\/elobservatorio.com.mx\/index.php?rest_route=%2Fwp%2Fv2%2Fcategories&post=4845"},{"taxonomy":"post_tag","embeddable":true,"href":"http:\/\/elobservatorio.com.mx\/index.php?rest_route=%2Fwp%2Fv2%2Ftags&post=4845"}],"curies":[{"name":"wp","href":"https:\/\/api.w.org\/{rel}","templated":true}]}}