{"id":4965,"date":"2019-05-22T20:18:50","date_gmt":"2019-05-22T20:18:50","guid":{"rendered":"http:\/\/elobservatorio.com.mx\/este-jueves-arranca-primer-rally-intersecundarias-2019-jovenes-unidos-por-la-paz"},"modified":"2019-05-22T20:18:50","modified_gmt":"2019-05-22T20:18:50","slug":"este-jueves-arranca-primer-rally-intersecundarias-2019-jovenes-unidos-por-la-paz","status":"publish","type":"post","link":"http:\/\/elobservatorio.com.mx\/?p=4965","title":{"rendered":"Este jueves arranca Primer Rally Intersecundarias 2019 \u00abJ\u00f3venes Unidos por la Paz\u00bb"},"content":{"rendered":"<p>*Confirmada la participaci\u00f3n de 1 mil 100 j\u00f3venes.<\/p>\n<p>El Presidente Municipal El\u00edas Antonio Lozano Ochoa, acompa\u00f1ado del Director de Educaci\u00f3n y Prevenci\u00f3n del Delito Braulio Benjam\u00edn Valle Palomino, inform\u00f3 \u00e9sta ma\u00f1ana en rueda de prensa que ya est\u00e1 todo preparado, para llevar a cabo este jueves 23 de mayo, el Primer Rally Intersecundarias 2019 \u201cJ\u00f3venes Unidos Por la Paz\u201d, con la participaci\u00f3n confirmada de 1 mil 100 alumnos.<\/p>\n<p>Lozano Ochoa destac\u00f3 que la intenci\u00f3n de reunir a tantos j\u00f3venes para participar en una din\u00e1mica de retos y destrezas es parte de la preocupaci\u00f3n de su administraci\u00f3n, por incluir a este sector tan importante de la poblaci\u00f3n que de manera cotidiana viven inmersos en su propia problem\u00e1tica \u201cestamos muy interesados en mantener un acercamiento, saber cu\u00e1les son sus dudas, sus miedos, sus metas y sus objetivos y para esto se cre\u00f3 este proyecto en el cual intervienen muchas personas e instituciones de los tres niveles de gobierno\u201d.<\/p>\n<p>Mencion\u00f3 que este jueves 23 de mayo de 2:00 a 6:30 de la tarde se llevar\u00e1 a cabo el evento en el cual se busca fomentar una cultura de paz y no violencia a trav\u00e9s de diversas actividades l\u00fadicas y recreativas que generen el desarrollo de habilidades para la vida<\/p>\n<p>\u201cel otro objetivo que tambi\u00e9n estamos buscando es fomentar en los j\u00f3venes los valores como el compromiso, el respeto, la solidaridad, la justicia, etc., que los encamine a ser mejores ciudadanos; generar sensibilizaci\u00f3n sobre el autocuidado en temas de salud como lo es la prevenci\u00f3n de enfermedades de transmisi\u00f3n sexual, el consumo de sustancias y alcohol, que los lleven a tener una vida m\u00e1s saludable\u201d.<\/p>\n<p>El Presidente Municipal agreg\u00f3 que se trata de que los j\u00f3venes aprenden a identificar las maneras por las cuales pueden prevenir las adicciones, como el mayor de los problemas de las y los j\u00f3venes \u201ctambi\u00e9n generar acciones de participaci\u00f3n social, como el eje rector para tener mejores ciudadanos y poder tener una mejora en la cohesi\u00f3n social que nos de ambientes de armon\u00eda y de paz\u201d.<\/p>\n<p>Braulio Benjam\u00edn Valle Palomino, por su parte, dijo que se tiene confirmada la participaci\u00f3n de alumnos de las secundarias \u201cProf. Gregorio Torres Quintero\u201d, \u201cLic. Justo Sierra\u201d, \u201cGeneral L\u00e1zaro C\u00e1rdenas del R\u00edo\u201d, \u201cJos\u00e9 Luis Gudi\u00f1o Toscano\u201d, \u201cProf. Gustavo V\u00e1zquez Montes\u201d \u201cadem\u00e1s de la participaci\u00f3n de becarios del Programa J\u00f3venes Construyendo El Futuro, representantes de las dependencias de los diferentes \u00f3rdenes de gobierno como la Direcci\u00f3n de Cultura, CEPAVI, Instituto Municipal del Deporte, Instituto Municipal de la Juventud, Secretar\u00eda de la Juventud, Instituto Colimense de la Mujer, Instituto Tecomense de la Mujer, la Secretar\u00eda de Seguridad P\u00fablica, La Fiscal\u00eda General de la Rep\u00fablica, la Polic\u00eda Federal, Secretar\u00eda de Salud, Protecci\u00f3n Civil, Polic\u00eda Municipal, La Cruz Roja, Comit\u00e9 Municipal Contra Las Adicciones, UNAME-CAPA Tecom\u00e1n, CIJ Tecom\u00e1n, IMSS Delegaci\u00f3n Tecom\u00e1n, SIPINNA; DIF Municipal, Secretar\u00eda de Cultura, el Equipo Atl\u00e9tico Panteras, etc.\u201d.<\/p>\n<p>Estuvieron presentes, adem\u00e1s Natalia Hurtado Coordinadora del \u00e1rea de Prevenci\u00f3n del Delito de la Fiscal\u00eda General de la Rep\u00fablica, el Dr. Gabriel Ram\u00edrez Pati\u00f1o coordinador del UNEME-CAPA y Mar\u00eda Eugenia Gonz\u00e1lez Avalos Directora del CIJ-Tecom\u00e1n, Leticia Ruelas S\u00e1nchez Directora del CSS IMSS Tecom\u00e1n, entre otros.<\/p>\n","protected":false},"excerpt":{"rendered":"<p>*Confirmada la participaci\u00f3n de 1 mil 100 j\u00f3venes. El Presidente Municipal El\u00edas Antonio Lozano Ochoa, acompa\u00f1ado del Director de Educaci\u00f3n y Prevenci\u00f3n del Delito Braulio Benjam\u00edn Valle Palomino, inform\u00f3 \u00e9sta ma\u00f1ana en rueda de prensa que ya est\u00e1 todo preparado, para llevar a cabo este jueves 23 de mayo, el Primer Rally Intersecundarias 2019 \u201cJ\u00f3venes&#8230;<\/p>\n","protected":false},"author":2,"featured_media":4966,"comment_status":"open","ping_status":"open","sticky":false,"template":"","format":"standard","meta":{"footnotes":""},"categories":[8,34],"tags":[29,30,28],"class_list":["post-4965","post","type-post","status-publish","format-standard","has-post-thumbnail","hentry","category-municipios","category-tecoman","tag-grid","tag-news","tag-slider"],"_links":{"self":[{"href":"http:\/\/elobservatorio.com.mx\/index.php?rest_route=\/wp\/v2\/posts\/4965"}],"collection":[{"href":"http:\/\/elobservatorio.com.mx\/index.php?rest_route=\/wp\/v2\/posts"}],"about":[{"href":"http:\/\/elobservatorio.com.mx\/index.php?rest_route=\/wp\/v2\/types\/post"}],"author":[{"embeddable":true,"href":"http:\/\/elobservatorio.com.mx\/index.php?rest_route=\/wp\/v2\/users\/2"}],"replies":[{"embeddable":true,"href":"http:\/\/elobservatorio.com.mx\/index.php?rest_route=%2Fwp%2Fv2%2Fcomments&post=4965"}],"version-history":[{"count":0,"href":"http:\/\/elobservatorio.com.mx\/index.php?rest_route=\/wp\/v2\/posts\/4965\/revisions"}],"wp:featuredmedia":[{"embeddable":true,"href":"http:\/\/elobservatorio.com.mx\/index.php?rest_route=\/wp\/v2\/media\/4966"}],"wp:attachment":[{"href":"http:\/\/elobservatorio.com.mx\/index.php?rest_route=%2Fwp%2Fv2%2Fmedia&parent=4965"}],"wp:term":[{"taxonomy":"category","embeddable":true,"href":"http:\/\/elobservatorio.com.mx\/index.php?rest_route=%2Fwp%2Fv2%2Fcategories&post=4965"},{"taxonomy":"post_tag","embeddable":true,"href":"http:\/\/elobservatorio.com.mx\/index.php?rest_route=%2Fwp%2Fv2%2Ftags&post=4965"}],"curies":[{"name":"wp","href":"https:\/\/api.w.org\/{rel}","templated":true}]}}