{"id":497,"date":"2018-11-24T00:36:18","date_gmt":"2018-11-24T00:36:18","guid":{"rendered":"http:\/\/elobservatorio.com.mx\/registro-de-sismicidad-ayuda-a-entender-historia-y-comportamiento-de-un-volcan-v-zobin"},"modified":"2018-11-24T14:35:23","modified_gmt":"2018-11-24T14:35:23","slug":"registro-de-sismicidad-ayuda-a-entender-historia-y-comportamiento-de-un-volcan-v-zobin","status":"publish","type":"post","link":"http:\/\/elobservatorio.com.mx\/?p=497","title":{"rendered":"Registro de sismicidad ayuda a entender historia  y comportamiento de un volc\u00e1n: V. Zobin"},"content":{"rendered":"<p><em>*Expertos de la UdeC abordaron la erupci\u00f3n de 1998 desde diferentes enfoques: el hist\u00f3rico, el de las se\u00f1ales s\u00edsmicas, la deformaci\u00f3n volc\u00e1nica previa, c\u00f3mo se percibi\u00f3 y comunic\u00f3 el riesgo de una erupci\u00f3n y la actividad eruptiva en s\u00ed.<\/em><\/p>\n<p>Este viernes, la Universidad de Colima reliz\u00f3 un seminario para conmemorar el 20 aniversario del inicio de la erupci\u00f3n del Colc\u00e1n de Colima ocurrida en noviembre de 1998, organizado por la Facultad de Ingenier\u00eda Civil y el Centro Universitario de Estudios e Investigaciones en Vulcanolog\u00eda, en el al auditorio de la Biblioteca de Ciencias \u201cMiguel de la Madrid Hurtado\u201d.<\/p>\n<p>Expertos de la UdeC abordaron esa erupci\u00f3n desde diferentes enfoques: el hist\u00f3rico, el de las se\u00f1ales s\u00edsmicas, la deformaci\u00f3n volc\u00e1nica previa, c\u00f3mo se percibi\u00f3 y comunic\u00f3 el riesgo de una erupci\u00f3n y la actividad eruptiva en s\u00ed.<\/p>\n<p>Vyacheslav Zobin, quien trabaja actualmente en el Centro Universitario de Estudios Vulcanol\u00f3gicos dentro del Cuerpo Acad\u00e9mico de Ciencias de la Tierra, habl\u00f3 de lo esencial que es ir midiendo la sismicidad que va generando el movimiento del magma en su camino a la superficie, ya que al avanzar va rompiendo rocas, generando explosiones y derrumbes.<\/p>\n<p>Si se monitorea esa actividad todo el tiempo, dijo, no s\u00f3lo ayuda a entender c\u00f3mo es el proceso eruptivo, sino que pueden conocerse las etapas de desarrollo y alertar a quienes viven alrededor del volc\u00e1n, hasta donde esto es posible, de un riesgo inminente. Esto es, coment\u00f3, \u201clos sismos producidos por explosiones, derrumbes y flujos pirocl\u00e1sticos pueden servir como indicadores de la din\u00e1mica de la erupci\u00f3n efusiva\u201d.<\/p>\n<p>Est\u00e1s observaciones, agreg\u00f3 el ponente, \u201cfueron b\u00e1sicas para proponer un modelo conceptual que describa el proceso de explosi\u00f3n volc\u00e1nica. Dicho modelo nos permite calcular la energ\u00eda de una explosi\u00f3n de la fase principal de la se\u00f1al s\u00edsmica\u201d.<\/p>\n<p>En Colima, el monitoreo s\u00edsmico lo realiza la UdeC gracias a la RESCO, compuesta por una red de estaciones colocadas en diferentes puntos del volc\u00e1n.<\/p>\n<p>En cuanto a la erupci\u00f3n de 1998, V. Zobin dijo que la actividad s\u00edsmica comenz\u00f3 a finales de noviembre de 1997, un a\u00f1o antes del ciclo eruptivo; \u201calrededor de 15 mil micro temblores fueron registrados debajo del volc\u00e1n durante la etapa preliminar\u201d. De todos ellos, hubo unos 600 eventos s\u00edsmicos de magnitud entre 0 y 3 grados.<\/p>\n<p>Gracias a este trabajo previo, el 13 de noviembre de 1998, el Comit\u00e9 Cient\u00edfico Asesor recibi\u00f3 el memor\u00e1ndum donde se mencionaba la alta probabilidad del inicio de una erupci\u00f3n volc\u00e1nica. \u00c9ste lo entreg\u00f3 a Gobierno del Estado, quien procedi\u00f3 a la evacuaci\u00f3n de los habitantes de la Yerbabuena, poblaci\u00f3n ubicada a ocho kil\u00f3metros de distancia, en l\u00ednea recta, del cr\u00e1ter del volc\u00e1n.<\/p>\n<p>Zobin agreg\u00f3 que tras la erupci\u00f3n, el nuevo ciclo eruptivo del volc\u00e1n empez\u00f3 el 19 de noviembre de 1998, con la formaci\u00f3n del nuevo domo y de flujo de lava en bloques, lo que contin\u00faa hasta la fecha.<\/p>\n<p>En las conferencias participaron tambi\u00e9n los profesores-investigadores Mauricio Bret\u00f3n Gonz\u00e1lez, Juan Jos\u00e9 Ram\u00edrez Ruiz, Hydyn Santiago Jim\u00e9nez, Juan Carlos Gavilanes y Ra\u00fal Ar\u00e1mbula Mendoza, director del Centro Universitario de Estudios e Investigaciones de Vulcanolog\u00eda (CUEIV) de la Universidad de Colima,<\/p>\n","protected":false},"excerpt":{"rendered":"<p>*Expertos de la UdeC abordaron la erupci\u00f3n de 1998 desde diferentes enfoques: el hist\u00f3rico, el de las se\u00f1ales s\u00edsmicas, la deformaci\u00f3n volc\u00e1nica previa, c\u00f3mo se percibi\u00f3 y comunic\u00f3 el riesgo de una erupci\u00f3n y la actividad eruptiva en s\u00ed. Este viernes, la Universidad de Colima reliz\u00f3 un seminario para conmemorar el 20 aniversario del inicio&#8230;<\/p>\n","protected":false},"author":2,"featured_media":496,"comment_status":"open","ping_status":"open","sticky":false,"template":"","format":"standard","meta":{"footnotes":""},"categories":[14],"tags":[29,30,28],"class_list":["post-497","post","type-post","status-publish","format-standard","has-post-thumbnail","hentry","category-educacion-y-cultura","tag-grid","tag-news","tag-slider"],"_links":{"self":[{"href":"http:\/\/elobservatorio.com.mx\/index.php?rest_route=\/wp\/v2\/posts\/497"}],"collection":[{"href":"http:\/\/elobservatorio.com.mx\/index.php?rest_route=\/wp\/v2\/posts"}],"about":[{"href":"http:\/\/elobservatorio.com.mx\/index.php?rest_route=\/wp\/v2\/types\/post"}],"author":[{"embeddable":true,"href":"http:\/\/elobservatorio.com.mx\/index.php?rest_route=\/wp\/v2\/users\/2"}],"replies":[{"embeddable":true,"href":"http:\/\/elobservatorio.com.mx\/index.php?rest_route=%2Fwp%2Fv2%2Fcomments&post=497"}],"version-history":[{"count":0,"href":"http:\/\/elobservatorio.com.mx\/index.php?rest_route=\/wp\/v2\/posts\/497\/revisions"}],"wp:featuredmedia":[{"embeddable":true,"href":"http:\/\/elobservatorio.com.mx\/index.php?rest_route=\/wp\/v2\/media\/496"}],"wp:attachment":[{"href":"http:\/\/elobservatorio.com.mx\/index.php?rest_route=%2Fwp%2Fv2%2Fmedia&parent=497"}],"wp:term":[{"taxonomy":"category","embeddable":true,"href":"http:\/\/elobservatorio.com.mx\/index.php?rest_route=%2Fwp%2Fv2%2Fcategories&post=497"},{"taxonomy":"post_tag","embeddable":true,"href":"http:\/\/elobservatorio.com.mx\/index.php?rest_route=%2Fwp%2Fv2%2Ftags&post=497"}],"curies":[{"name":"wp","href":"https:\/\/api.w.org\/{rel}","templated":true}]}}