{"id":500,"date":"2018-11-24T04:12:49","date_gmt":"2018-11-24T04:12:49","guid":{"rendered":"http:\/\/elobservatorio.com.mx\/realiza-comercio-exterior-foro-portuario-2018"},"modified":"2018-11-24T15:02:09","modified_gmt":"2018-11-24T15:02:09","slug":"realiza-comercio-exterior-foro-portuario-2018","status":"publish","type":"post","link":"http:\/\/elobservatorio.com.mx\/?p=500","title":{"rendered":"Realiza Comercio Exterior Foro Portuario 2018"},"content":{"rendered":"<p><em>*En este evento, los alumnos ofrecieron informaci\u00f3n acerca de los 18 puertos m\u00e1s importantes del mundo, destacando aspectos relevantes sobre su ubicaci\u00f3n geogr\u00e1fica, infraestructura, movimiento en TEU y proyectos particulares.<\/em><\/p>\n<p>Como parte de asignatura de Gesti\u00f3n Portuaria, alumnos de tercer semestre de la Facultad de Comercio Exterior de la Universidad de Colima en Manzanillo, presentaron el Segundo Foro Portuario 2018.<\/p>\n<p>En este evento, los alumnos ofrecieron informaci\u00f3n acerca de los 18 puertos m\u00e1s importantes del mundo, destacando aspectos relevantes sobre su ubicaci\u00f3n geogr\u00e1fica, infraestructura, movimiento en TEU, proyectos particulares y como plus, la identificaci\u00f3n de la certificaci\u00f3n de <em>Eco Ports<\/em> por la Uni\u00f3n Europea.<\/p>\n<p>Adem\u00e1s, se evaluaron las capacidades de los j\u00f3venes en el manejo del idioma ingles y\u00a0 se dictaron dos conferencias, una por parte del consultor y docente Luis Garc\u00eda, y otra por el agente naviero Roberto Mart\u00edn Meillon Covarrubias, ambas con la tem\u00e1tica enfocada a la conectividad internacional y el impacto sobre las empresas en M\u00e9xico.<\/p>\n<p>En entrevista, Ver\u00f3nica Marina Le\u00f3n Rom\u00e1n, titular de la asignatura de Gesti\u00f3n Portuaria, coment\u00f3 que este foro, en su segunda edici\u00f3n, se realiza como una estrategia innovadora para hacer del proceso de aprendizaje algo m\u00e1s activo y autogestivo.<\/p>\n<p>\u201cLos mismos alumnos \u2013dijo\u2013 realizaron la organizaci\u00f3n para desarrollar el proyecto, y realmente veo en ellos un incentivo para planear, gestionar organizar y dirigir cualquier evento que quieran manejar\u201d.<\/p>\n<p>Agreg\u00f3 que es importante que los alumnos est\u00e9n cada vez m\u00e1s capacitados; \u201chay que seguirlos incentivando y no ser maestros s\u00f3lo dentro del aula\u201d.<\/p>\n<p>Iv\u00e1n Salvador Rubio, director del plantel, dijo durante la inauguraci\u00f3n que \u201cse ha visto un avance en este trabajo durante las semanas previas y es grato ver materializado el trabajo y esfuerzo entre alumnos y profesores\u201d.<\/p>\n<p>&nbsp;<\/p>\n<p>&nbsp;<\/p>\n","protected":false},"excerpt":{"rendered":"<p>*En este evento, los alumnos ofrecieron informaci\u00f3n acerca de los 18 puertos m\u00e1s importantes del mundo, destacando aspectos relevantes sobre su ubicaci\u00f3n geogr\u00e1fica, infraestructura, movimiento en TEU y proyectos particulares. Como parte de asignatura de Gesti\u00f3n Portuaria, alumnos de tercer semestre de la Facultad de Comercio Exterior de la Universidad de Colima en Manzanillo, presentaron&#8230;<\/p>\n","protected":false},"author":2,"featured_media":501,"comment_status":"open","ping_status":"open","sticky":false,"template":"","format":"standard","meta":{"footnotes":""},"categories":[14],"tags":[29,30,28],"class_list":["post-500","post","type-post","status-publish","format-standard","has-post-thumbnail","hentry","category-educacion-y-cultura","tag-grid","tag-news","tag-slider"],"_links":{"self":[{"href":"http:\/\/elobservatorio.com.mx\/index.php?rest_route=\/wp\/v2\/posts\/500"}],"collection":[{"href":"http:\/\/elobservatorio.com.mx\/index.php?rest_route=\/wp\/v2\/posts"}],"about":[{"href":"http:\/\/elobservatorio.com.mx\/index.php?rest_route=\/wp\/v2\/types\/post"}],"author":[{"embeddable":true,"href":"http:\/\/elobservatorio.com.mx\/index.php?rest_route=\/wp\/v2\/users\/2"}],"replies":[{"embeddable":true,"href":"http:\/\/elobservatorio.com.mx\/index.php?rest_route=%2Fwp%2Fv2%2Fcomments&post=500"}],"version-history":[{"count":0,"href":"http:\/\/elobservatorio.com.mx\/index.php?rest_route=\/wp\/v2\/posts\/500\/revisions"}],"wp:featuredmedia":[{"embeddable":true,"href":"http:\/\/elobservatorio.com.mx\/index.php?rest_route=\/wp\/v2\/media\/501"}],"wp:attachment":[{"href":"http:\/\/elobservatorio.com.mx\/index.php?rest_route=%2Fwp%2Fv2%2Fmedia&parent=500"}],"wp:term":[{"taxonomy":"category","embeddable":true,"href":"http:\/\/elobservatorio.com.mx\/index.php?rest_route=%2Fwp%2Fv2%2Fcategories&post=500"},{"taxonomy":"post_tag","embeddable":true,"href":"http:\/\/elobservatorio.com.mx\/index.php?rest_route=%2Fwp%2Fv2%2Ftags&post=500"}],"curies":[{"name":"wp","href":"https:\/\/api.w.org\/{rel}","templated":true}]}}