{"id":503,"date":"2018-11-24T04:16:01","date_gmt":"2018-11-24T04:16:01","guid":{"rendered":"http:\/\/elobservatorio.com.mx\/buscan-acreditar-carreras-en-diseno-industrial-y-grafico-de-la-udec"},"modified":"2018-11-24T14:34:49","modified_gmt":"2018-11-24T14:34:49","slug":"buscan-acreditar-carreras-en-diseno-industrial-y-grafico-de-la-udec","status":"publish","type":"post","link":"http:\/\/elobservatorio.com.mx\/?p=503","title":{"rendered":"Buscan acreditar carreras en Dise\u00f1o Industrial y Gr\u00e1fico de la UdeC"},"content":{"rendered":"<p><em>*\u201cLas recomendaciones que el comit\u00e9 formule a la instituci\u00f3n ser\u00e1n tomadas en cuenta para que en un futuro proceso de evaluaci\u00f3n, los aspectos a mejorar lleguen a un nivel \u00f3ptimo de desempe\u00f1o\u201d: Sara G. Mart\u00ednez.<\/em><\/p>\n<p>Esta semana, en el auditorio \u201cGonzalo Villa Ch\u00e1vez\u201d de la Facultad de Arquitectura y Dise\u00f1o (FAyD) de la Universidad de Colima, campus Coquimatl\u00e1n, dio inicio el proceso de evaluaci\u00f3n por parte del Consejo Mexicano para la Acreditaci\u00f3n de Programas de Dise\u00f1o (COMAPROD), que culminar\u00e1 este s\u00e1bado 24 de Noviembre.<\/p>\n<p>Durante la apertura, Luis Antonio Rivera D\u00edaz, presidente del comit\u00e9 evaluador de dise\u00f1o gr\u00e1fico, coment\u00f3 que uno de los objetivos de las evaluaciones a escuelas de dise\u00f1o, \u201ces generar sinergia positiva entre ellas, as\u00ed como trabajar con atenci\u00f3n respetuosa en el proceso\u201d.<\/p>\n<p>Jaime Guadarrama Gonz\u00e1lez, presidente del comit\u00e9 evaluador de Dise\u00f1o Industrial, expres\u00f3 que el an\u00e1lisis de condiciones de la licenciatura y de la facultad es muy importante para llegar a un di\u00e1logo que, a su vez, \u201clograr\u00e1 una mejora consensuada de las condiciones de las licenciaturas, ya que estos procesos de evaluaci\u00f3n promueven el aprendizaje mutuo de las escuelas\u201d.<\/p>\n<p>Sara Gricelda Mart\u00ednez Covarrubias, directora General de Educaci\u00f3n Superior de la UdeC, dijo en el inicio del proceso de evaluaci\u00f3n, que \u201ceste proceso ha sido uno de los m\u00e1s esperados dentro de la instituci\u00f3n, pues se ha trabajado arduamente por parte de profesores, coordinadores de carreras, asesor\u00eda pedag\u00f3gica y la coordinaci\u00f3n de la facultad\u201d.<\/p>\n<p>Agreg\u00f3 que los procesos de evaluaci\u00f3n no tiene sentido solamente para lograr una acreditaci\u00f3n, sino que deber\u00e1n tener un objetivo de mejora y que \u201clas recomendaciones que el comit\u00e9 formule a la instituci\u00f3n ser\u00e1n tomadas en cuenta para que en un futuro proceso de evaluaci\u00f3n, los aspectos a mejorar lleguen a un nivel \u00f3ptimo de desempe\u00f1o, as\u00ed como para tener un\u00a0 proceso de mejora constante\u201d.<\/p>\n<p>Finalmente, felicit\u00f3 al equipo de la FAyD y agradeci\u00f3 al trabajo que han hecho y har\u00e1n los integrantes de los dos equipos de evaluaci\u00f3n, y reiter\u00f3 el apoyo de la Direcci\u00f3n General de Educaci\u00f3n Superior ante cualquier duda o requerimiento de informaci\u00f3n institucional.<\/p>\n<p>La comisi\u00f3n evaluadora de la Licenciatura en Dise\u00f1o Gr\u00e1fico est\u00e1 integrada por Luis Antonio Rivera D\u00edaz, de la Universidad Aut\u00f3noma Metropolitana Unidad Cuajimalpa; Leticia Villase\u00f1or Z\u00fa\u00f1iga, de la Universidad Aut\u00f3noma de San Luis Potos\u00ed, y Saulo \u00c1ngel Favela Castro, de la Universidad Aut\u00f3noma de Ciudad Ju\u00e1rez, en Chihuahua.<\/p>\n<p>El comit\u00e9 evaluador de la Licenciatura en Dise\u00f1o Industrial est\u00e1 integrado por Jaime Guadarrama Gonz\u00e1lez, de la Universidad Aut\u00f3noma del Estado de M\u00e9xico; In\u00e9s \u00c1lvarez Icaza Longoria, del Instituto Tecnol\u00f3gico de Estudios Superiores de Monterrey, Campus Ciudad de M\u00e9xico y por Gerardo Hern\u00e1ndez Grover, de la Universidad de Guadalajara.<\/p>\n<p>Como cierre del evento, Martha Ch\u00e1vez Gonz\u00e1lez, directora del plantel, agradeci\u00f3 la presencia de las autoridades de la Universidad de Colima, de los evaluadores del proceso, y asegur\u00f3 que las recomendaciones dadas en un futuro por los comit\u00e9s evaluadores \u201cser\u00e1n tomadas en cuenta para el crecimiento de las licenciaturas\u201d.<\/p>\n<p>&nbsp;<\/p>\n<p>&nbsp;<\/p>\n","protected":false},"excerpt":{"rendered":"<p>*\u201cLas recomendaciones que el comit\u00e9 formule a la instituci\u00f3n ser\u00e1n tomadas en cuenta para que en un futuro proceso de evaluaci\u00f3n, los aspectos a mejorar lleguen a un nivel \u00f3ptimo de desempe\u00f1o\u201d: Sara G. Mart\u00ednez. Esta semana, en el auditorio \u201cGonzalo Villa Ch\u00e1vez\u201d de la Facultad de Arquitectura y Dise\u00f1o (FAyD) de la Universidad de&#8230;<\/p>\n","protected":false},"author":2,"featured_media":504,"comment_status":"open","ping_status":"open","sticky":false,"template":"","format":"standard","meta":{"footnotes":""},"categories":[14],"tags":[29,30,28],"class_list":["post-503","post","type-post","status-publish","format-standard","has-post-thumbnail","hentry","category-educacion-y-cultura","tag-grid","tag-news","tag-slider"],"_links":{"self":[{"href":"http:\/\/elobservatorio.com.mx\/index.php?rest_route=\/wp\/v2\/posts\/503"}],"collection":[{"href":"http:\/\/elobservatorio.com.mx\/index.php?rest_route=\/wp\/v2\/posts"}],"about":[{"href":"http:\/\/elobservatorio.com.mx\/index.php?rest_route=\/wp\/v2\/types\/post"}],"author":[{"embeddable":true,"href":"http:\/\/elobservatorio.com.mx\/index.php?rest_route=\/wp\/v2\/users\/2"}],"replies":[{"embeddable":true,"href":"http:\/\/elobservatorio.com.mx\/index.php?rest_route=%2Fwp%2Fv2%2Fcomments&post=503"}],"version-history":[{"count":0,"href":"http:\/\/elobservatorio.com.mx\/index.php?rest_route=\/wp\/v2\/posts\/503\/revisions"}],"wp:featuredmedia":[{"embeddable":true,"href":"http:\/\/elobservatorio.com.mx\/index.php?rest_route=\/wp\/v2\/media\/504"}],"wp:attachment":[{"href":"http:\/\/elobservatorio.com.mx\/index.php?rest_route=%2Fwp%2Fv2%2Fmedia&parent=503"}],"wp:term":[{"taxonomy":"category","embeddable":true,"href":"http:\/\/elobservatorio.com.mx\/index.php?rest_route=%2Fwp%2Fv2%2Fcategories&post=503"},{"taxonomy":"post_tag","embeddable":true,"href":"http:\/\/elobservatorio.com.mx\/index.php?rest_route=%2Fwp%2Fv2%2Ftags&post=503"}],"curies":[{"name":"wp","href":"https:\/\/api.w.org\/{rel}","templated":true}]}}