{"id":5050,"date":"2019-05-28T04:47:47","date_gmt":"2019-05-28T04:47:47","guid":{"rendered":"http:\/\/elobservatorio.com.mx\/inician-rehabilitacion-de-la-red-de-drenaje-sanitario-construccion-de-empedrados-y-machuelos"},"modified":"2019-05-28T04:47:47","modified_gmt":"2019-05-28T04:47:47","slug":"inician-rehabilitacion-de-la-red-de-drenaje-sanitario-construccion-de-empedrados-y-machuelos","status":"publish","type":"post","link":"http:\/\/elobservatorio.com.mx\/?p=5050","title":{"rendered":"Inician rehabilitaci\u00f3n de la red de drenaje sanitario construcci\u00f3n de empedrados y machuelos"},"content":{"rendered":"<p>La ma\u00f1ana de este lunes el Presidente Municipal El\u00edas Antonio Lozano Ochoa, acompa\u00f1ado del Director de Planeaci\u00f3n y Desarrollo Juan Gabriel \u00c1lvarez Torres, de Juan Jos\u00e9 Rosales Barreto Director Operativo de la COMAPAT y del Director de Obras P\u00fablicas y Desarrollo Urbano de la comuna Belarmino Cordero G\u00f3mez, dio el banderazo de arranque de la obra de rehabilitaci\u00f3n de la red de drenaje sanitario en la calle Francisco Villa de la Colonia Antonio Salazar.<\/p>\n<p>Al respecto el alcalde El\u00edas Lozano se\u00f1al\u00f3 que con estas obras se est\u00e1 disminuyendo el actual rezago que se tiene en servicios b\u00e1sicos como lo son agua y drenaje, \u201cestamos dando respuesta a las demandas de las familias m\u00e1s vulnerables, y se continuar\u00e1n arrancando m\u00e1s obras en colonias y comunidades, atendiendo a la par las necesidades de los tecomenses para quienes estamos y seguiremos trabajando\u201d.<\/p>\n<p>La obra de la Antonio Salazar se hace con recursos del FAIS 2019, por el orden de 182 mil 290 pesos con 81 centavos, seg\u00fan lo informado por el director de obras p\u00fablicas Belarmino Cordero, quien abund\u00f3 que son metas de 90 metros lineales y que la calle Francisco Villa tambi\u00e9n va a ser empedrada en aproximadamente 749 metros cuadrados de empedrados y machuelos<\/p>\n<p>\u201cse va a aprovechar para meter el agua en esta parte que no ten\u00eda red, la COMAPAT va a aprovechar para que quede al 100% la obra\u201d<\/p>\n<p>A\u00f1adi\u00f3 que para el empedrado se estar\u00e1n invirtiendo 172 mil 264.42 pesos tambi\u00e9n recursos del FAIS 2019 \u201ctambi\u00e9n se va a rehabilitar la planta potabilizadora con una inversi\u00f3n de 56 mil 560.54 pesos\u201d.<\/p>\n<p>Por su parte Nadia Magdalena Mart\u00ednez Gonz\u00e1lez Presidenta de la Junta Municipal de Nuevo Caxitl\u00e1n agradeci\u00f3 la pronta respuesta de las autoridades encabezadas por El\u00edas Lozano para que se efectuara la obra \u201cesperamos seguir participando en todas las actividades de la comunidad\u201d.<\/p>\n<p>Finalmente Karina Llamas Presidenta del Comit\u00e9 de Contralor\u00eda Social tambi\u00e9n agradeci\u00f3 la obra que va a beneficiar a las familias que viven en la calle Francisco Villa de la colonia Antonio Salazar.<\/p>\n","protected":false},"excerpt":{"rendered":"<p>La ma\u00f1ana de este lunes el Presidente Municipal El\u00edas Antonio Lozano Ochoa, acompa\u00f1ado del Director de Planeaci\u00f3n y Desarrollo Juan Gabriel \u00c1lvarez Torres, de Juan Jos\u00e9 Rosales Barreto Director Operativo de la COMAPAT y del Director de Obras P\u00fablicas y Desarrollo Urbano de la comuna Belarmino Cordero G\u00f3mez, dio el banderazo de arranque de la&#8230;<\/p>\n","protected":false},"author":2,"featured_media":5051,"comment_status":"open","ping_status":"open","sticky":false,"template":"","format":"standard","meta":{"footnotes":""},"categories":[8,34],"tags":[29,30,28],"class_list":["post-5050","post","type-post","status-publish","format-standard","has-post-thumbnail","hentry","category-municipios","category-tecoman","tag-grid","tag-news","tag-slider"],"_links":{"self":[{"href":"http:\/\/elobservatorio.com.mx\/index.php?rest_route=\/wp\/v2\/posts\/5050"}],"collection":[{"href":"http:\/\/elobservatorio.com.mx\/index.php?rest_route=\/wp\/v2\/posts"}],"about":[{"href":"http:\/\/elobservatorio.com.mx\/index.php?rest_route=\/wp\/v2\/types\/post"}],"author":[{"embeddable":true,"href":"http:\/\/elobservatorio.com.mx\/index.php?rest_route=\/wp\/v2\/users\/2"}],"replies":[{"embeddable":true,"href":"http:\/\/elobservatorio.com.mx\/index.php?rest_route=%2Fwp%2Fv2%2Fcomments&post=5050"}],"version-history":[{"count":0,"href":"http:\/\/elobservatorio.com.mx\/index.php?rest_route=\/wp\/v2\/posts\/5050\/revisions"}],"wp:featuredmedia":[{"embeddable":true,"href":"http:\/\/elobservatorio.com.mx\/index.php?rest_route=\/wp\/v2\/media\/5051"}],"wp:attachment":[{"href":"http:\/\/elobservatorio.com.mx\/index.php?rest_route=%2Fwp%2Fv2%2Fmedia&parent=5050"}],"wp:term":[{"taxonomy":"category","embeddable":true,"href":"http:\/\/elobservatorio.com.mx\/index.php?rest_route=%2Fwp%2Fv2%2Fcategories&post=5050"},{"taxonomy":"post_tag","embeddable":true,"href":"http:\/\/elobservatorio.com.mx\/index.php?rest_route=%2Fwp%2Fv2%2Ftags&post=5050"}],"curies":[{"name":"wp","href":"https:\/\/api.w.org\/{rel}","templated":true}]}}