{"id":506,"date":"2018-11-24T04:19:44","date_gmt":"2018-11-24T04:19:44","guid":{"rendered":"http:\/\/elobservatorio.com.mx\/analizan-la-credibilidad-periodistica-durante-quinto-encuentro-de-la-amic-en-la-udec"},"modified":"2018-11-24T18:15:40","modified_gmt":"2018-11-24T18:15:40","slug":"analizan-la-credibilidad-periodistica-durante-quinto-encuentro-de-la-amic-en-la-udec","status":"publish","type":"post","link":"http:\/\/elobservatorio.com.mx\/?p=506","title":{"rendered":"Analizan la credibilidad period\u00edstica durante  quinto encuentro de la AMIC, en la UdeC"},"content":{"rendered":"<p><em>*\u201cPara los periodistas, la palabra con mayor peso fue la imparcialidad, pues la credibilidad para ellos ya no es tanto un valor ideal, sino que est\u00e1 relacionada con la postura que tomen frente al ejercicio profesional\u201d: Arnoldo Delgadillo.<\/em><\/p>\n<p>Como parte de las actividades del Quinto Encuentro Regional de la Asociaci\u00f3n Mexicana de Investigadores de la Comunicaci\u00f3n (AMIC), de la cual es sede la Universidad de Colima, se llev\u00f3 a cabo la Mesa de Trabajo \u201cEso que llaman credibilidad\u201d<em>. <\/em><\/p>\n<p>Los primeros en participar fueron Aide\u00e9 Arellano Ceballos y Arnoldo Delgadillo Grajeda, de la Universidad de Colima, quienes hablaron sobre \u201c\u00bfQu\u00e9 es la credibilidad en el ejercicio period\u00edstico? Una exploraci\u00f3n a la opini\u00f3n de los estudiantes, la poblaci\u00f3n y los periodistas\u201d.<\/p>\n<p>Aide\u00e9 Arellanos explic\u00f3 que para la realizaci\u00f3n de su trabajo se plantearon dos preguntas: \u201c\u00bfd\u00f3nde queda el ideal de veracidad y objetividad como valores del ejercicio period\u00edstico que conducen a la credibilidad?\u201d y \u201c\u00bfc\u00f3mo se puede crear la informaci\u00f3n que los periodistas comunican cuando ya fue interpretada por ellos, con influencias tan diversas como los intereses econ\u00f3micos o pol\u00edticos de las empresas en las que ellos trabajan?\u201d<\/p>\n<p>La respuesta afirm\u00f3, \u201cse encuentra en este m\u00e9todo estricto, ordenado y hasta comprobable de la investigaci\u00f3n period\u00edstica, aunado a la aceptaci\u00f3n de una subjetividad bien intencionada en la que el periodista deja de lado toda la pretensi\u00f3n de mostrar la realidad y mostrar los hechos como son\u201d.<\/p>\n<p>Agreg\u00f3 que la estrategia metodol\u00f3gica que se utiliz\u00f3 fue la de las redes sem\u00e1nticas naturales, con un total de 53 informantes, de los cuales, 24 por ciento son de poblaci\u00f3n, 38 por ciento estudiantes y 24 por ciento periodistas.<\/p>\n<p>Respecto a las opiniones derivadas de este estudio, Arnoldo Delgadillo coment\u00f3 que los estudiantes asociaban la veracidad con la credibilidad, \u201cesto derivado de que en la escuela existen muchos valores idealizados de la profesi\u00f3n\u201d.<\/p>\n<p>En el caso de los periodistas, dijo, \u201cpara ellos la palabra con mayor peso fue la imparcialidad, pues la credibilidad para ellos ya no es tanto un valor ideal, sino que est\u00e1 relacionada con la postura que tome el periodista frente al ejercicio profesional, no es algo que se d\u00e9 por naturaleza\u201d.<\/p>\n<p>Finalmente, en cuanto a la poblaci\u00f3n, la palabra veracidad tiene mayor impacto; \u201cpara ellos, credibilidad tiene que ver con <em>ser veras<\/em>, con una visi\u00f3n muy idealizada de lo que es el periodismo\u201d.<\/p>\n<p>Del total de la muestra, a\u00f1adi\u00f3, se propusieron tres categor\u00edas para analizar c\u00f3mo se entend\u00eda la credibilidad en el estado de Colima; la primera, valores profesionales, con un mayor peso sem\u00e1ntico; \u201ctodos son valores que la gente cree que tiene el periodista por naturaleza\u201d.<\/p>\n<p>La segunda categor\u00eda, son las cualidades del periodista; \u201caqu\u00ed encontramos palabras como profesionalismo, imparcialidad, reputaci\u00f3n, seriedad, compromiso y \u00e9tica\u201d.<\/p>\n<p>Por \u00faltimo, los procesos period\u00edsticos, que fue la categor\u00eda menos mencionada; \u201ces decir que la gente, con lo que menos asocia la credibilidad es con los procesos que se tienen en el periodismo, lo cual nos parece bastante preocupante, ya que como dec\u00edamos al principio, en el m\u00e9todo es donde deber\u00eda de estar la verdadera credibilidad period\u00edstica\u201d.<\/p>\n<p>Como reflexiones finales, Arnoldo Delgadillo se\u00f1al\u00f3 que, \u201ca pesar de que la credibilidad se entiende actualmente como un valor intr\u00ednseco que forma parte de la profesi\u00f3n por naturaleza, es importante saber que, para lograr esa credibilidad, se requiere de un m\u00e9todo riguroso y sistem\u00e1tico de interpretaci\u00f3n de la realidad social y construir informaci\u00f3n de manera objetiva\u201d.<\/p>\n<p>El siguiente en exponer en esta mesa de trabajo, proveniente de la Universidad Veracruzana, Juan Jos\u00e9 Dom\u00ednguez Panam\u00e1 habl\u00f3 sobre el periodismo de desastres: factores que condicionan la calidad de la informaci\u00f3n ante un desastre. \u00c9l destac\u00f3 que el periodismo de desastres \u201ces una narraci\u00f3n de hechos que se da de manera espont\u00e1nea, tal como lo es un desastre que ocurre de manera inesperada\u201d.<\/p>\n<p>Incertidumbre de la informaci\u00f3n, vulneraci\u00f3n de la informaci\u00f3n en cuanto a las v\u00edctimas, la inmediatez de la informaci\u00f3n y el abuso de la espectacularizaci\u00f3n de la informaci\u00f3n son algunas de las caracter\u00edsticas del periodismo de desastres, por lo que para el ponente esto deriva en ciertos desaf\u00edos, como la propia incertidumbre de la informaci\u00f3n, el cuidar c\u00f3mo se narra esta informaci\u00f3n, la sobre exposici\u00f3n de las v\u00edctimas y el c\u00f3mo aprender a discriminar informaci\u00f3n, entre otros.<\/p>\n<p>Agreg\u00f3 que, frente a un hecho como \u00e9ste, \u201cel reportero se encuentra ante el dilema de cubrir el hecho o de ayudar a la v\u00edctima, de no arriesgar la vida, protegerse o cubrir la noticia, disponer de informaci\u00f3n y explicar lo sucedido.<\/p>\n<p>Por \u00faltimo, al hablar sobre la funci\u00f3n social del periodista ante un desastre, Juan Jos\u00e9 Dom\u00ednguez dijo que \u00e9sta \u201cva m\u00e1s all\u00e1 de la responsabilidad laboral en mi trabajo como reportero. Vamos a apelar a la responsabilidad personal, a este tipo de humanismo, entender lo que est\u00e1 padeciendo la v\u00edctima. La informaci\u00f3n o el reporte pueden esperar, la persona no, por lo que, para m\u00ed, tendr\u00eda mayor peso el apoyo a la persona afectada\u201d, concluy\u00f3.<\/p>\n<p>&nbsp;<\/p>\n<p>&nbsp;<\/p>\n","protected":false},"excerpt":{"rendered":"<p>*\u201cPara los periodistas, la palabra con mayor peso fue la imparcialidad, pues la credibilidad para ellos ya no es tanto un valor ideal, sino que est\u00e1 relacionada con la postura que tomen frente al ejercicio profesional\u201d: Arnoldo Delgadillo. Como parte de las actividades del Quinto Encuentro Regional de la Asociaci\u00f3n Mexicana de Investigadores de la&#8230;<\/p>\n","protected":false},"author":2,"featured_media":507,"comment_status":"open","ping_status":"open","sticky":false,"template":"","format":"standard","meta":{"footnotes":""},"categories":[14],"tags":[29,30,28],"class_list":["post-506","post","type-post","status-publish","format-standard","has-post-thumbnail","hentry","category-educacion-y-cultura","tag-grid","tag-news","tag-slider"],"_links":{"self":[{"href":"http:\/\/elobservatorio.com.mx\/index.php?rest_route=\/wp\/v2\/posts\/506"}],"collection":[{"href":"http:\/\/elobservatorio.com.mx\/index.php?rest_route=\/wp\/v2\/posts"}],"about":[{"href":"http:\/\/elobservatorio.com.mx\/index.php?rest_route=\/wp\/v2\/types\/post"}],"author":[{"embeddable":true,"href":"http:\/\/elobservatorio.com.mx\/index.php?rest_route=\/wp\/v2\/users\/2"}],"replies":[{"embeddable":true,"href":"http:\/\/elobservatorio.com.mx\/index.php?rest_route=%2Fwp%2Fv2%2Fcomments&post=506"}],"version-history":[{"count":0,"href":"http:\/\/elobservatorio.com.mx\/index.php?rest_route=\/wp\/v2\/posts\/506\/revisions"}],"wp:featuredmedia":[{"embeddable":true,"href":"http:\/\/elobservatorio.com.mx\/index.php?rest_route=\/wp\/v2\/media\/507"}],"wp:attachment":[{"href":"http:\/\/elobservatorio.com.mx\/index.php?rest_route=%2Fwp%2Fv2%2Fmedia&parent=506"}],"wp:term":[{"taxonomy":"category","embeddable":true,"href":"http:\/\/elobservatorio.com.mx\/index.php?rest_route=%2Fwp%2Fv2%2Fcategories&post=506"},{"taxonomy":"post_tag","embeddable":true,"href":"http:\/\/elobservatorio.com.mx\/index.php?rest_route=%2Fwp%2Fv2%2Ftags&post=506"}],"curies":[{"name":"wp","href":"https:\/\/api.w.org\/{rel}","templated":true}]}}