{"id":5151,"date":"2019-05-29T17:56:59","date_gmt":"2019-05-29T17:56:59","guid":{"rendered":"http:\/\/elobservatorio.com.mx\/maribel-guardia-celebra-sus-60-anos-semidesnuda"},"modified":"2019-05-29T17:56:59","modified_gmt":"2019-05-29T17:56:59","slug":"maribel-guardia-celebra-sus-60-anos-semidesnuda","status":"publish","type":"post","link":"http:\/\/elobservatorio.com.mx\/?p=5151","title":{"rendered":"Maribel Guardia celebra sus 60 a\u00f1os semidesnuda"},"content":{"rendered":"<p><em>*La actriz posa en una piscina, sin ropa, ya que s\u00f3lo peque\u00f1as figuras de color azul cubren partes de su cuerpo<\/em><\/p>\n<p><strong>Maribel Guardia cumple hoy mi\u00e9rcoles 60 a\u00f1os<\/strong>, y para celebrar con sus seguidores en Instagram, la actriz comparti\u00f3 una sexy fotograf\u00eda en la que\u00a0<strong>posa en una piscina, sin ropa, ya que s\u00f3lo peque\u00f1as figuras de color azul cubren partes de su\u00a0cuerpo<\/strong><\/p>\n<p>La tambi\u00e9n cantante acompa\u00f1\u00f3 la sensual instant\u00e1nea\u00a0<strong>con un mensaje de agradecimiento para su familia, amigos y p\u00fablico<\/strong>.<\/p>\n<div id=\"div-pos-2\">\u00abEn mi #cumplea\u00f1osdoy Gracias a Dios por la vida, salud, familia, amigos, por mi p\u00fablico que me ha apoyado durante todos estos a\u00f1os. Un regalo para todos ustedes\u00bb, se lee<\/div>\n<div><\/div>\n<div><img loading=\"lazy\" decoding=\"async\" class=\"alignnone wp-image-5152 size-full\" src=\"http:\/\/noticiastecoman.com.mx\/wp-content\/uploads\/2019\/05\/Maribel..jpg\" alt=\"\" width=\"900\" height=\"638\" srcset=\"http:\/\/elobservatorio.com.mx\/wp-content\/uploads\/2019\/05\/Maribel..jpg 900w, http:\/\/elobservatorio.com.mx\/wp-content\/uploads\/2019\/05\/Maribel.-300x213.jpg 300w, http:\/\/elobservatorio.com.mx\/wp-content\/uploads\/2019\/05\/Maribel.-768x544.jpg 768w, http:\/\/elobservatorio.com.mx\/wp-content\/uploads\/2019\/05\/Maribel.-100x70.jpg 100w\" sizes=\"(max-width: 900px) 100vw, 900px\" \/><\/div>\n<div><\/div>\n<div>\n<p>En entrevista,\u00a0<a href=\"https:\/\/www.informador.mx\/maribel-guardia-t3684\" target=\"_blank\" rel=\"noopener noreferrer\"><strong>Maribel Guardia<\/strong><\/a>\u00a0<strong>confes\u00f3 que ahora que tiene 60 a\u00f1os se siente mejor que cuando ten\u00eda 20<\/strong>, pues en ese entonces se sent\u00eda fea.<\/p>\n<p>\u00abA nadie nos gusta hacernos viejos, pero por otro lado celebro estos a\u00f1os con una alegr\u00eda enorme, m\u00e1s que cuando ten\u00eda 20 a\u00f1os y ten\u00eda inseguridades y me sent\u00eda fea; si tuviera la juventud de esa \u00e9poca y la experiencia, \u00a1lo que har\u00eda!\u00bb, expres\u00f3.<\/p>\n<h3><a href=\"https:\/\/www.informador.mx\/entretenimiento\/Me-siento-mejor-que-a-los-20-asegura-Maribel-Guardia-20190529-0046.html\" target=\"_blank\" rel=\"noopener noreferrer\">LEE: \u00abMe siento mejor que a los 20\u00bb, asegura Maribel Guardia<\/a><\/h3>\n<p>Hoy celebrar\u00e1 con la familia, incluyendo a su nieto que, expresa, es la luz de su vida. \u00abEs la cereza del pastel y estoy loca por \u00e9l\u00bb, coment\u00f3.<br \/>\nSorprende su bien cuidada figura, y la pregunta es constante:<\/p>\n<p>\u00abLa gente pregunta c\u00f3mo me mantengo y pues hay que cuidarse, s\u00e9 que todo por servir se acaba, pero siempre hay que cuidarse\u00bb<\/p>\n<p>Con informaci\u00f3n de <em>El Informador<\/em><\/p>\n<\/div>\n","protected":false},"excerpt":{"rendered":"<p>*La actriz posa en una piscina, sin ropa, ya que s\u00f3lo peque\u00f1as figuras de color azul cubren partes de su cuerpo Maribel Guardia cumple hoy mi\u00e9rcoles 60 a\u00f1os, y para celebrar con sus seguidores en Instagram, la actriz comparti\u00f3 una sexy fotograf\u00eda en la que\u00a0posa en una piscina, sin ropa, ya que s\u00f3lo peque\u00f1as figuras&#8230;<\/p>\n","protected":false},"author":2,"featured_media":5153,"comment_status":"open","ping_status":"open","sticky":false,"template":"","format":"standard","meta":{"footnotes":""},"categories":[32],"tags":[29,30,28],"class_list":["post-5151","post","type-post","status-publish","format-standard","has-post-thumbnail","hentry","category-escenario","tag-grid","tag-news","tag-slider"],"_links":{"self":[{"href":"http:\/\/elobservatorio.com.mx\/index.php?rest_route=\/wp\/v2\/posts\/5151"}],"collection":[{"href":"http:\/\/elobservatorio.com.mx\/index.php?rest_route=\/wp\/v2\/posts"}],"about":[{"href":"http:\/\/elobservatorio.com.mx\/index.php?rest_route=\/wp\/v2\/types\/post"}],"author":[{"embeddable":true,"href":"http:\/\/elobservatorio.com.mx\/index.php?rest_route=\/wp\/v2\/users\/2"}],"replies":[{"embeddable":true,"href":"http:\/\/elobservatorio.com.mx\/index.php?rest_route=%2Fwp%2Fv2%2Fcomments&post=5151"}],"version-history":[{"count":0,"href":"http:\/\/elobservatorio.com.mx\/index.php?rest_route=\/wp\/v2\/posts\/5151\/revisions"}],"wp:featuredmedia":[{"embeddable":true,"href":"http:\/\/elobservatorio.com.mx\/index.php?rest_route=\/wp\/v2\/media\/5153"}],"wp:attachment":[{"href":"http:\/\/elobservatorio.com.mx\/index.php?rest_route=%2Fwp%2Fv2%2Fmedia&parent=5151"}],"wp:term":[{"taxonomy":"category","embeddable":true,"href":"http:\/\/elobservatorio.com.mx\/index.php?rest_route=%2Fwp%2Fv2%2Fcategories&post=5151"},{"taxonomy":"post_tag","embeddable":true,"href":"http:\/\/elobservatorio.com.mx\/index.php?rest_route=%2Fwp%2Fv2%2Ftags&post=5151"}],"curies":[{"name":"wp","href":"https:\/\/api.w.org\/{rel}","templated":true}]}}