{"id":5166,"date":"2019-05-29T21:24:27","date_gmt":"2019-05-29T21:24:27","guid":{"rendered":"http:\/\/elobservatorio.com.mx\/la-comunidad-artistica-nacional-levanta-la-voz-por-crimen-de-joven-en-manzanillo"},"modified":"2019-05-29T21:24:27","modified_gmt":"2019-05-29T21:24:27","slug":"la-comunidad-artistica-nacional-levanta-la-voz-por-crimen-de-joven-en-manzanillo","status":"publish","type":"post","link":"http:\/\/elobservatorio.com.mx\/?p=5166","title":{"rendered":"La comunidad art\u00edstica nacional levanta la voz por crimen de joven en Manzanillo"},"content":{"rendered":"<p><em>*Diego Verdaguer y Oscar Bonales (Huicho Dom\u00ednguez) repudian el artero asesinato ocurrido en Manzanillo.<\/em><\/p>\n<p>Alfredo QUILES CABRERA<\/p>\n<p>La comunidad art\u00edstica nacional se sum\u00f3 a la condena por el asesinato de un joven de 15 a\u00f1os en Manzanillo, Colima, quien ayer fue sepultado, y urgi\u00f3 a las autoridades a frenar las acciones de ese tipo.<\/p>\n<p>A trav\u00e9s de entrevistas por separado, publicadas en diversos medios de comunicaci\u00f3n nacional, el actor Carlos Bonavides y el cantautor Diegio Verdaguer hicieron un llamado \u201ca la no violencia\u201d y a sumar esfuerzos en favor de una sociedad m\u00e1s humana, luego de que se difundieran las im\u00e1genes de un robo, en el que un joven de 15 a\u00f1os es asesinado por la espalda.<\/p>\n<p>El actor Carlos Nonavides, quien es conocido por su personaje de \u00abHuicho Dom\u00ednguez\u00bb en la telenovela El premio mayor, lament\u00f3 la violencia que existe en M\u00e9xico, \u201cno hay palabras para describir lo que est\u00e1 pasando\u201d.<\/p>\n<p>Se\u00f1al\u00f3 que \u00e9l como mucha gente, est\u00e1 impactado por este asalto ocurrido en Manzanillo, Colima, y c\u00f3mo a pesar de que el joven que trabajaba en una tienda no opone resistencia ante los ladrones, uno de ellos lo mata por la espalda.<\/p>\n<p>Estas im\u00e1genes tomadas de un video de seguridad del establecimiento donde ocurri\u00f3 el asalto, han provocado indignaci\u00f3n y m\u00faltiples mensajes en redes sociales.<\/p>\n<p>Por lo que el actor, tambi\u00e9n hizo el llamado a trav\u00e9s de las redes sociales con un video, el cual en una hora tuvo m\u00e1s de mil de vistas. Dijo que la inseguridad es un problema grave, sin embargo considera que en la preparaci\u00f3n de los cuerpos policiacos puede estar la soluci\u00f3n.<\/p>\n<p>\u201cDebe de haber respeto por la vida, no es posible lo que est\u00e1 pasando y espero que m\u00e1s personas hablen sobre estos problemas de inseguridad, donde adem\u00e1s nosotros como sociedad tenemos que cuidarnos entre todos\u201d.<\/p>\n<p>Bonavides, quien cuenta con cuatro d\u00e9cadas en la actuaci\u00f3n, ha participado en telenovelas como \u201cHasta que el dinero nos separe\u201d, \u201cSalud, dinero y amor\u201d y \u201cC\u00f3mplices al rescate\u00bb y actualmente se encuentra en la recta final de la temporada teatral de \u201cGod\u00ednez, el musical\u201d.<\/p>\n<p>DIEGO VERDAGUER PIDE ALZAR LA VOZ<\/p>\n<p>Po su parte, el cantautor argentino Diego Verdaguer lament\u00f3 \u201cla crueldad\u201d con la que se perpetr\u00f3 el asesinato de un joven de 15 a\u00f1os en Manzanillo, Colima, y urgi\u00f3 a las autoridades a frenar las acciones de ese tipo.<\/p>\n<p>El artista sudamericano plante\u00f3 que no se puede estar inm\u00f3vil ante situaciones como la padecida por el adolescente que trabajaba a unas cuadras de su hogar para ganar el sustento mientras estudiaba.<\/p>\n<p>El creador de \u00e9xitos como \u201cVolver\u00e9\u201d y \u201cEl Pasadisco\u201d llamar\u00e1 a la sociedad mexicana y a las del mundo mediante una carta con car\u00e1cter universal en la que expresar\u00e1 lo que siente y lo que piensa sobre la manera en que viven los ni\u00f1os y adolescentes en diversas partes del orbe.<\/p>\n<p>\u201cQuiero que se conozcan y se promuevan los derechos universales de los ni\u00f1as y las ni\u00f1as, que haya un compromiso mayor de adultos e instituciones para que los ni\u00f1os sepan bien sus derechos porque eso les dar\u00e1 fortaleza y una protecci\u00f3n \u00fanica\u201d, extern\u00f3.<\/p>\n","protected":false},"excerpt":{"rendered":"<p>*Diego Verdaguer y Oscar Bonales (Huicho Dom\u00ednguez) repudian el artero asesinato ocurrido en Manzanillo. Alfredo QUILES CABRERA La comunidad art\u00edstica nacional se sum\u00f3 a la condena por el asesinato de un joven de 15 a\u00f1os en Manzanillo, Colima, quien ayer fue sepultado, y urgi\u00f3 a las autoridades a frenar las acciones de ese tipo. A&#8230;<\/p>\n","protected":false},"author":2,"featured_media":5167,"comment_status":"open","ping_status":"open","sticky":false,"template":"","format":"standard","meta":{"footnotes":""},"categories":[32],"tags":[29,30,28],"class_list":["post-5166","post","type-post","status-publish","format-standard","has-post-thumbnail","hentry","category-escenario","tag-grid","tag-news","tag-slider"],"_links":{"self":[{"href":"http:\/\/elobservatorio.com.mx\/index.php?rest_route=\/wp\/v2\/posts\/5166"}],"collection":[{"href":"http:\/\/elobservatorio.com.mx\/index.php?rest_route=\/wp\/v2\/posts"}],"about":[{"href":"http:\/\/elobservatorio.com.mx\/index.php?rest_route=\/wp\/v2\/types\/post"}],"author":[{"embeddable":true,"href":"http:\/\/elobservatorio.com.mx\/index.php?rest_route=\/wp\/v2\/users\/2"}],"replies":[{"embeddable":true,"href":"http:\/\/elobservatorio.com.mx\/index.php?rest_route=%2Fwp%2Fv2%2Fcomments&post=5166"}],"version-history":[{"count":0,"href":"http:\/\/elobservatorio.com.mx\/index.php?rest_route=\/wp\/v2\/posts\/5166\/revisions"}],"wp:featuredmedia":[{"embeddable":true,"href":"http:\/\/elobservatorio.com.mx\/index.php?rest_route=\/wp\/v2\/media\/5167"}],"wp:attachment":[{"href":"http:\/\/elobservatorio.com.mx\/index.php?rest_route=%2Fwp%2Fv2%2Fmedia&parent=5166"}],"wp:term":[{"taxonomy":"category","embeddable":true,"href":"http:\/\/elobservatorio.com.mx\/index.php?rest_route=%2Fwp%2Fv2%2Fcategories&post=5166"},{"taxonomy":"post_tag","embeddable":true,"href":"http:\/\/elobservatorio.com.mx\/index.php?rest_route=%2Fwp%2Fv2%2Ftags&post=5166"}],"curies":[{"name":"wp","href":"https:\/\/api.w.org\/{rel}","templated":true}]}}