{"id":5216,"date":"2019-05-30T17:48:14","date_gmt":"2019-05-30T17:48:14","guid":{"rendered":"http:\/\/elobservatorio.com.mx\/matar-por-matar"},"modified":"2019-05-30T17:48:14","modified_gmt":"2019-05-30T17:48:14","slug":"matar-por-matar","status":"publish","type":"post","link":"http:\/\/elobservatorio.com.mx\/?p=5216","title":{"rendered":"Matar por matar"},"content":{"rendered":"<p><span style=\"color: #201f1e; font-family: Garamond, serif;\"><b>PARACA\u00cdDAS<\/b><\/span><\/p>\n<p><span style=\"color: #201f1e; font-family: Garamond, serif;\"><b>Rogelio Guedea<\/b><\/span><\/p>\n<p><span lang=\"ES-TRAD\">German Mauricio Ruiz Garc\u00eda, de apenas quince a\u00f1os, fue asesinado por la espalda en una tienda de conveniencia de Manzanillo, durante un asalto. El crimen del joven que trabajaba para comprarse una computadora qued\u00f3 grabado en las c\u00e1maras del comercio. A trav\u00e9s del video se puede observar c\u00f3mo los tres ladrones entran a la tienda y, luego de someter al joven, arrodill\u00e1ndolo, saquean las cajas. Al final, se ve c\u00f3mo uno de los ladrones se regresa y, por encima del mostrador, dispara en la espalda del joven, para luego huir corriendo. <\/span><\/p>\n<p><span lang=\"ES-TRAD\">La imagen del\u00a0\u00a0menor desvaneci\u00e9ndose en el suelo fue algo que nos doli\u00f3 y nos indign\u00f3 a todos, y m\u00e1s porque el video mostr\u00f3 claramente que el joven no opuso ninguna resistencia al robo. La noticia de este crimen caus\u00f3 resonancia nacional, igual doli\u00f3 a propios y a extra\u00f1os, trastoc\u00f3 nuestro completo sistema de valores y nuestra sensibilidad. Nos dimos cuenta de una cosa terrible: que nuestra necesidad de matar es m\u00e1s grande ya que nuestra necesidad de comer. <\/span><\/p>\n<p><span lang=\"ES-TRAD\">Esto es que, en realidad, en el fondo estamos frente a una sociedad (por lo menos un enorme sector de ella) carente de valores m\u00e1s que llena de hambre y necesidad, lo cual nos obliga tambi\u00e9n a darnos cuenta que no ser\u00e1 sacando a las calles a m\u00e1s polic\u00edas y militares sino educando a una sociedad infraeducada como podremos salir de este flagelo que est\u00e1 destruyendo la paz y la armon\u00eda de la sociedad. <\/span><\/p>\n<p><span lang=\"ES-TRAD\">Yo s\u00e9 que, al ver este crimen indignante, la primera reacci\u00f3n de la poblaci\u00f3n es exigir justicia, acusar a las autoridades de su inoperancia y su ineptitud, etc\u00e9tera, pero sin que obviemos esto (lo cual es sumamente importante para poder regresarle la credibilidad a nuestro sistema de justicia) tambi\u00e9n debemos exigir que exista un plan maestro (en los tres niveles de gobierno y en los tres poderes que conforman nuestro Estado) encaminado a invertir esta p\u00e9rdida de valores que est\u00e1 convirtiendo a la sociedad mexicana en una selva para la cual la palabra barbarie, como definici\u00f3n, ya se queda corta. Nos indigna mucho lo que pas\u00f3, s\u00ed, pero hay tres preguntas que se nos imponen: qu\u00e9 har\u00e1 el Estado para remediarlo, qu\u00e9 haremos como sociedad para remediarlo, qu\u00e9 haremos como individuos para remediarlo. <\/span><\/p>\n<p><span lang=\"ES-TRAD\">Yo doy clases, tengo 20 a\u00f1os siendo profesor universitario, y mis estudiantes son la oportunidad que tengo para poder sembrar en ellos valores, sensibilidad humana, conciencia social, tambi\u00e9n lo hago cuando escribo (art\u00edculos como \u00e9ste y novelas), tambi\u00e9n lo hago en casa (con mis hijos) y en mi barrio, con mis vecinos, a los que respeto y pido respeto de su parte.<\/span><\/p>\n<p><span lang=\"ES-TRAD\"> Lo que quiero decir con esto es que el asunto es tan profundo que ya no basta con atender los efectos (un polic\u00eda persiguiendo a un ladr\u00f3n que asesin\u00f3 a sangre fr\u00eda a un menor indefenso) sino las causas, esto es esta p\u00e9rdida enorme de valores que nos tiene sumidos en esta espiral de violencia. <\/span><\/p>\n<p><span lang=\"ES-TRAD\">Estas causas se remedian con educaci\u00f3n de verdad, una educaci\u00f3n con una perspectiva incluyente y equitativa, sin simulacros y sin falsas buenas intenciones. Mientras eso no exista, no habr\u00e1 Guardia Nacional que ajuste ni sistema de persecuci\u00f3n de delitos que nos deje satisfechos, jam\u00e1s.\u00a0<\/span><\/p>\n","protected":false},"excerpt":{"rendered":"<p>PARACA\u00cdDAS Rogelio Guedea German Mauricio Ruiz Garc\u00eda, de apenas quince a\u00f1os, fue asesinado por la espalda en una tienda de conveniencia de Manzanillo, durante un asalto. El crimen del joven que trabajaba para comprarse una computadora qued\u00f3 grabado en las c\u00e1maras del comercio. A trav\u00e9s del video se puede observar c\u00f3mo los tres ladrones entran&#8230;<\/p>\n","protected":false},"author":2,"featured_media":1053,"comment_status":"open","ping_status":"open","sticky":false,"template":"","format":"standard","meta":{"footnotes":""},"categories":[11],"tags":[29,30,28],"class_list":["post-5216","post","type-post","status-publish","format-standard","has-post-thumbnail","hentry","category-opinion","tag-grid","tag-news","tag-slider"],"_links":{"self":[{"href":"http:\/\/elobservatorio.com.mx\/index.php?rest_route=\/wp\/v2\/posts\/5216"}],"collection":[{"href":"http:\/\/elobservatorio.com.mx\/index.php?rest_route=\/wp\/v2\/posts"}],"about":[{"href":"http:\/\/elobservatorio.com.mx\/index.php?rest_route=\/wp\/v2\/types\/post"}],"author":[{"embeddable":true,"href":"http:\/\/elobservatorio.com.mx\/index.php?rest_route=\/wp\/v2\/users\/2"}],"replies":[{"embeddable":true,"href":"http:\/\/elobservatorio.com.mx\/index.php?rest_route=%2Fwp%2Fv2%2Fcomments&post=5216"}],"version-history":[{"count":0,"href":"http:\/\/elobservatorio.com.mx\/index.php?rest_route=\/wp\/v2\/posts\/5216\/revisions"}],"wp:featuredmedia":[{"embeddable":true,"href":"http:\/\/elobservatorio.com.mx\/index.php?rest_route=\/wp\/v2\/media\/1053"}],"wp:attachment":[{"href":"http:\/\/elobservatorio.com.mx\/index.php?rest_route=%2Fwp%2Fv2%2Fmedia&parent=5216"}],"wp:term":[{"taxonomy":"category","embeddable":true,"href":"http:\/\/elobservatorio.com.mx\/index.php?rest_route=%2Fwp%2Fv2%2Fcategories&post=5216"},{"taxonomy":"post_tag","embeddable":true,"href":"http:\/\/elobservatorio.com.mx\/index.php?rest_route=%2Fwp%2Fv2%2Ftags&post=5216"}],"curies":[{"name":"wp","href":"https:\/\/api.w.org\/{rel}","templated":true}]}}