{"id":5218,"date":"2019-05-30T18:47:45","date_gmt":"2019-05-30T18:47:45","guid":{"rendered":"http:\/\/elobservatorio.com.mx\/dif-coquimatlan-se-suma-contra-el-tabaquismo"},"modified":"2019-05-30T18:47:45","modified_gmt":"2019-05-30T18:47:45","slug":"dif-coquimatlan-se-suma-contra-el-tabaquismo","status":"publish","type":"post","link":"http:\/\/elobservatorio.com.mx\/?p=5218","title":{"rendered":"DIF Coquimatl\u00e1n se suma contra el tabaquismo"},"content":{"rendered":"<p>Coquimatl\u00e1n, Colima, 30 de mayo de 2019.- <a id=\"LPlnk934844\" name=\"x__GoBack\"><\/a>Con m\u00f3dulos de informativos de salud y una caminata por la cabecera municipal en los que participaron alumnos de diferentes niveles educativos, el DIF municipal se sum\u00f3 a la campa\u00f1a del \u201cD\u00eda mundial contra el tabaco\u201d en coordinaci\u00f3n con el DIF Estatal, el H. Ayuntamiento, PANNAR y la Secretar\u00eda de Salud.<\/p>\n<p>La Presidenta del DIF Municipal, Wendy Espinosa de Benavides, mencion\u00f3 que esta campa\u00f1a es una excelente oportunidad para concientizar a ni\u00f1as, ni\u00f1os y adolescentes sobre los <span class=\"x_gmail-textexposedshow\">efectos negativos del tabaquismo y disuadirlos de su consumo.<\/span><\/p>\n<p>Por su parte el edil, Lupe Benavides, destac\u00f3 la importancia de que el municipio cuente con m\u00e1s espacios libres de humo, pues fortalece nuestra calidad de vida y se construye un entorno m\u00e1s saludable para los coquimatlenses.<\/p>\n<p>Finalmente destac\u00f3 la participaci\u00f3n especial de alumnos de la Escuela Primaria \u201cAlberto Larios Villalpando T.V.\u201d, a quienes invit\u00f3 a practicar el deporte como factor de prevenci\u00f3n contra el tabaquismo y fomentar la sana convivencia.<\/p>\n","protected":false},"excerpt":{"rendered":"<p>Coquimatl\u00e1n, Colima, 30 de mayo de 2019.- Con m\u00f3dulos de informativos de salud y una caminata por la cabecera municipal en los que participaron alumnos de diferentes niveles educativos, el DIF municipal se sum\u00f3 a la campa\u00f1a del \u201cD\u00eda mundial contra el tabaco\u201d en coordinaci\u00f3n con el DIF Estatal, el H. Ayuntamiento, PANNAR y la&#8230;<\/p>\n","protected":false},"author":2,"featured_media":5219,"comment_status":"open","ping_status":"open","sticky":false,"template":"","format":"standard","meta":{"footnotes":""},"categories":[41,8],"tags":[29,30,28],"class_list":["post-5218","post","type-post","status-publish","format-standard","has-post-thumbnail","hentry","category-coquimatlan","category-municipios","tag-grid","tag-news","tag-slider"],"_links":{"self":[{"href":"http:\/\/elobservatorio.com.mx\/index.php?rest_route=\/wp\/v2\/posts\/5218"}],"collection":[{"href":"http:\/\/elobservatorio.com.mx\/index.php?rest_route=\/wp\/v2\/posts"}],"about":[{"href":"http:\/\/elobservatorio.com.mx\/index.php?rest_route=\/wp\/v2\/types\/post"}],"author":[{"embeddable":true,"href":"http:\/\/elobservatorio.com.mx\/index.php?rest_route=\/wp\/v2\/users\/2"}],"replies":[{"embeddable":true,"href":"http:\/\/elobservatorio.com.mx\/index.php?rest_route=%2Fwp%2Fv2%2Fcomments&post=5218"}],"version-history":[{"count":0,"href":"http:\/\/elobservatorio.com.mx\/index.php?rest_route=\/wp\/v2\/posts\/5218\/revisions"}],"wp:featuredmedia":[{"embeddable":true,"href":"http:\/\/elobservatorio.com.mx\/index.php?rest_route=\/wp\/v2\/media\/5219"}],"wp:attachment":[{"href":"http:\/\/elobservatorio.com.mx\/index.php?rest_route=%2Fwp%2Fv2%2Fmedia&parent=5218"}],"wp:term":[{"taxonomy":"category","embeddable":true,"href":"http:\/\/elobservatorio.com.mx\/index.php?rest_route=%2Fwp%2Fv2%2Fcategories&post=5218"},{"taxonomy":"post_tag","embeddable":true,"href":"http:\/\/elobservatorio.com.mx\/index.php?rest_route=%2Fwp%2Fv2%2Ftags&post=5218"}],"curies":[{"name":"wp","href":"https:\/\/api.w.org\/{rel}","templated":true}]}}