{"id":5280,"date":"2019-06-04T02:38:24","date_gmt":"2019-06-04T02:38:24","guid":{"rendered":"http:\/\/elobservatorio.com.mx\/realiza-cefefu-exatlon-de-valores-en-escuelas-primarias"},"modified":"2019-06-04T02:38:24","modified_gmt":"2019-06-04T02:38:24","slug":"realiza-cefefu-exatlon-de-valores-en-escuelas-primarias","status":"publish","type":"post","link":"http:\/\/elobservatorio.com.mx\/?p=5280","title":{"rendered":"Realiza CEFEFU Exatl\u00f3n de Valores en escuelas primarias"},"content":{"rendered":"<p><em>*Los infantes que participan tienen la oportunidad de trabajar en equipo, socializar con el resto de ni\u00f1os y trabajar los valores en su desarrollo integral.<\/em><\/p>\n<p>Con el objetivo de poner en pr\u00e1ctica los valores en un ambiente de competitividad generosa y arm\u00f3nica a trav\u00e9s de actividades l\u00fadicas y deportivas, el Centro de Desarrollo de la Familia Universitaria (CEDEFU) coordina jornadas de intervenci\u00f3n en algunas escuelas primarias previamente seleccionadas.<\/p>\n<p>Dicha selecci\u00f3n se realiza en conjunto con el Programa de Cultura Universitaria por la Paz, considerando as\u00ed cinco escuelas primarias de turno matutino y vespertino, con un total de 820 ni\u00f1os atendidos.<\/p>\n<p>En esta actividad participan estudiantes de la Licenciatura en Educaci\u00f3n F\u00edsica y Deporte de la Universidad de Colima con la finalidad de experimentar escenarios reales y promover la filosof\u00eda de una educaci\u00f3n con responsabilidad social.<\/p>\n<p>Adem\u00e1s, los estudiantes aplican diagn\u00f3sticos para identificar la escala de valores que se promueve en cada escuela y la pertinencia de la actividad a trav\u00e9s de los docentes y padres de familia. Por su parte, los infantes que participan tienen la oportunidad de trabajar en equipo, socializar con el resto de ni\u00f1os y trabajar los valores en su desarrollo integral.<\/p>\n<p>En entrevista, Cristian Manuel Jim\u00e9nez, director de la escuela primaria \u201cBenito Ju\u00e1rez\u201d se\u00f1al\u00f3 que esta actividad \u201cpropicia que los ni\u00f1os tengan un acercamiento con la Universidad de Colima; qu\u00e9 mejor que desde ahora lleven un trayecto definido de continuar con sus estudios\u201d.<\/p>\n<p>Por \u00faltimo, agreg\u00f3 que el prop\u00f3sito de la actividad es poner en pr\u00e1ctica los valores universales en un ambiente de armon\u00eda: \u201cEl resultado inmediato es fortalecer los lazos entre los mismos compa\u00f1eros, maestros y n\u00facleos familiares\u201d, finaliz\u00f3.<\/p>\n<p>&nbsp;<\/p>\n","protected":false},"excerpt":{"rendered":"<p>*Los infantes que participan tienen la oportunidad de trabajar en equipo, socializar con el resto de ni\u00f1os y trabajar los valores en su desarrollo integral. Con el objetivo de poner en pr\u00e1ctica los valores en un ambiente de competitividad generosa y arm\u00f3nica a trav\u00e9s de actividades l\u00fadicas y deportivas, el Centro de Desarrollo de la&#8230;<\/p>\n","protected":false},"author":2,"featured_media":5281,"comment_status":"open","ping_status":"open","sticky":false,"template":"","format":"standard","meta":{"footnotes":""},"categories":[21],"tags":[29,30,28],"class_list":["post-5280","post","type-post","status-publish","format-standard","has-post-thumbnail","hentry","category-deportes","tag-grid","tag-news","tag-slider"],"_links":{"self":[{"href":"http:\/\/elobservatorio.com.mx\/index.php?rest_route=\/wp\/v2\/posts\/5280"}],"collection":[{"href":"http:\/\/elobservatorio.com.mx\/index.php?rest_route=\/wp\/v2\/posts"}],"about":[{"href":"http:\/\/elobservatorio.com.mx\/index.php?rest_route=\/wp\/v2\/types\/post"}],"author":[{"embeddable":true,"href":"http:\/\/elobservatorio.com.mx\/index.php?rest_route=\/wp\/v2\/users\/2"}],"replies":[{"embeddable":true,"href":"http:\/\/elobservatorio.com.mx\/index.php?rest_route=%2Fwp%2Fv2%2Fcomments&post=5280"}],"version-history":[{"count":0,"href":"http:\/\/elobservatorio.com.mx\/index.php?rest_route=\/wp\/v2\/posts\/5280\/revisions"}],"wp:featuredmedia":[{"embeddable":true,"href":"http:\/\/elobservatorio.com.mx\/index.php?rest_route=\/wp\/v2\/media\/5281"}],"wp:attachment":[{"href":"http:\/\/elobservatorio.com.mx\/index.php?rest_route=%2Fwp%2Fv2%2Fmedia&parent=5280"}],"wp:term":[{"taxonomy":"category","embeddable":true,"href":"http:\/\/elobservatorio.com.mx\/index.php?rest_route=%2Fwp%2Fv2%2Fcategories&post=5280"},{"taxonomy":"post_tag","embeddable":true,"href":"http:\/\/elobservatorio.com.mx\/index.php?rest_route=%2Fwp%2Fv2%2Ftags&post=5280"}],"curies":[{"name":"wp","href":"https:\/\/api.w.org\/{rel}","templated":true}]}}