{"id":529,"date":"2018-11-24T18:15:37","date_gmt":"2018-11-24T18:15:37","guid":{"rendered":"http:\/\/elobservatorio.com.mx\/detienen-a-sujeto-relacionado-con-robo-a-farmacias-oxxos-y-kioskos"},"modified":"2018-11-24T18:15:37","modified_gmt":"2018-11-24T18:15:37","slug":"detienen-a-sujeto-relacionado-con-robo-a-farmacias-oxxos-y-kioskos","status":"publish","type":"post","link":"http:\/\/elobservatorio.com.mx\/?p=529","title":{"rendered":"Detienen a sujeto relacionado con  robo a farmacias, Oxxos y Kioskos"},"content":{"rendered":"<p><em>+Los habr\u00eda cometido en tiendas de conveniencia de Colima y V de A.<\/em><\/p>\n<p>Alrededor de 18 asaltos a tiendas de conveniencia y farmacias, se podr\u00edan esclarecer con la detenci\u00f3n de un sujeto de 33 a\u00f1os de edad, que fue vinculado a proceso como imputado del robo a un establecimiento denominado Farmacias Guadalajara de la Ciudad de Villa de \u00c1lvarez.<\/p>\n<p>El seguimiento de las investigaciones y la reacci\u00f3n oportuna y coordinada de las instituciones de seguridad, permitieron la captura en flagrancia de esta persona cuando robaba a mano armada el negocio se\u00f1alado, y por estos hechos fue turnado a la autoridad jurisdiccional que en la audiencia inicial calific\u00f3 de legal la detenci\u00f3n.<\/p>\n<p>Aunque hasta ahora el imputado fue vinculado a proceso por hecho antes descrito, informaci\u00f3n preliminar que surge de las investigaciones, lo relacionan con al menos 13 atracos perpetrados en la Ciudad de Colima, principalmente a farmacias y tiendas Oxxo y Kiosko.<\/p>\n<p>De igual manera en complicidad con otra persona, este sujeto habr\u00eda participado en cinco robos m\u00e1s con violencia ocurridos el Municipio de Villa de \u00c1lvarez, de acuerdo a lo que hasta ahora establecen las investigaciones que lleva a cabo la Fiscal\u00eda General del Estrado.<\/p>\n<p>Este tipo de detenciones son resultado de la estrategia que llevan a cabo las corporaciones que en Colima conforman el Programa de Operaciones Interinstitucionales para los 50 Municipios de Atenci\u00f3n Prioritaria, con el objetivo de combatir el delito de robo en sus diferentes modalidades, y salvaguardar el patrimonio de los ciudadanos y las empresas que operan en la entidad.<\/p>\n<p>Para lograrlo es importante la colaboraci\u00f3n de la sociedad a trav\u00e9s de sus denuncias an\u00f3nimas a la l\u00ednea 089 y los reportes de emergencia al 911.<\/p>\n","protected":false},"excerpt":{"rendered":"<p>+Los habr\u00eda cometido en tiendas de conveniencia de Colima y V de A. Alrededor de 18 asaltos a tiendas de conveniencia y farmacias, se podr\u00edan esclarecer con la detenci\u00f3n de un sujeto de 33 a\u00f1os de edad, que fue vinculado a proceso como imputado del robo a un establecimiento denominado Farmacias Guadalajara de la Ciudad&#8230;<\/p>\n","protected":false},"author":2,"featured_media":530,"comment_status":"open","ping_status":"open","sticky":false,"template":"","format":"standard","meta":{"footnotes":""},"categories":[15],"tags":[29,30,28],"class_list":["post-529","post","type-post","status-publish","format-standard","has-post-thumbnail","hentry","category-seguridad-y-justicia","tag-grid","tag-news","tag-slider"],"_links":{"self":[{"href":"http:\/\/elobservatorio.com.mx\/index.php?rest_route=\/wp\/v2\/posts\/529"}],"collection":[{"href":"http:\/\/elobservatorio.com.mx\/index.php?rest_route=\/wp\/v2\/posts"}],"about":[{"href":"http:\/\/elobservatorio.com.mx\/index.php?rest_route=\/wp\/v2\/types\/post"}],"author":[{"embeddable":true,"href":"http:\/\/elobservatorio.com.mx\/index.php?rest_route=\/wp\/v2\/users\/2"}],"replies":[{"embeddable":true,"href":"http:\/\/elobservatorio.com.mx\/index.php?rest_route=%2Fwp%2Fv2%2Fcomments&post=529"}],"version-history":[{"count":0,"href":"http:\/\/elobservatorio.com.mx\/index.php?rest_route=\/wp\/v2\/posts\/529\/revisions"}],"wp:featuredmedia":[{"embeddable":true,"href":"http:\/\/elobservatorio.com.mx\/index.php?rest_route=\/wp\/v2\/media\/530"}],"wp:attachment":[{"href":"http:\/\/elobservatorio.com.mx\/index.php?rest_route=%2Fwp%2Fv2%2Fmedia&parent=529"}],"wp:term":[{"taxonomy":"category","embeddable":true,"href":"http:\/\/elobservatorio.com.mx\/index.php?rest_route=%2Fwp%2Fv2%2Fcategories&post=529"},{"taxonomy":"post_tag","embeddable":true,"href":"http:\/\/elobservatorio.com.mx\/index.php?rest_route=%2Fwp%2Fv2%2Ftags&post=529"}],"curies":[{"name":"wp","href":"https:\/\/api.w.org\/{rel}","templated":true}]}}