{"id":5332,"date":"2019-06-04T19:38:41","date_gmt":"2019-06-04T19:38:41","guid":{"rendered":"http:\/\/elobservatorio.com.mx\/confia-trump-que-cobro-de-aranceles-a-mexico-inicie-el-lunes"},"modified":"2019-06-04T19:38:41","modified_gmt":"2019-06-04T19:38:41","slug":"confia-trump-que-cobro-de-aranceles-a-mexico-inicie-el-lunes","status":"publish","type":"post","link":"http:\/\/elobservatorio.com.mx\/?p=5332","title":{"rendered":"Conf\u00eda Trump que cobro de aranceles a M\u00e9xico inicie el lunes"},"content":{"rendered":"<p><em>*Desde Reino Unido consider\u00f3 que pese a las reuniones entre ambos gobiernos, los impuestos \u2018van a ser pagados\u2019; califica de rid\u00edculo que republicanos intenten bloquear dicha medida<\/em><\/p>\n<p>REINO UNIDO<\/p>\n<p class=\"letter-capitular\">El presidente de Estados Unidos, Donald Trump, afirm\u00f3 hoy que \u00ablo m\u00e1s probable\u00bb es que el pr\u00f3ximo lunes entren en vigor los aranceles comerciales que ha anunciado para castigar a M\u00e9xico por sus pol\u00edticas migratorias.<\/p>\n<p>El mandatario indic\u00f3 que en los pr\u00f3ximos d\u00edas habr\u00e1 una reuni\u00f3n con representes de M\u00e9xico para ver si se puede \u00abhacer algo\u00bb para evitar la imposici\u00f3n de tarifas del cinco por ciento a todos los productos mexicanos, pero que cree que esos aranceles \u00abvan a ser pagados\u00bb.<\/p>\n<p>Preguntado durante una rueda de prensa en Londres sobre la posibilidad de que algunos congresistas republicanos intenten bloquear su medida, Trump dijo que eso ser\u00eda \u00abrid\u00edculo\u00bb y subray\u00f3 que el nivel de apoyo a su presidencia entre los miembros de su partido est\u00e1 en niveles de \u00abr\u00e9cord\u00bb.<\/p>\n<p>Esto se da luego de que esta ma\u00f1ana el presidente de M\u00e9xico, Andr\u00e9s Manuel L\u00f3pez Obrador, asegurara que habr\u00e1 un acuerdo con las autoridades estadunidenses antes del 10 de junio, fecha en la que prev\u00e9 Trump empiece el cobro a productos mexicanos.<\/p>\n<p>\u00abEstoy optimista y pienso que la reuni\u00f3n de ma\u00f1ana ser\u00e1 importante y se llegar\u00e1 a un acuerdo antes del d\u00eda 10 de junio, antes de que se imponga esa tarifa, porque hay indicios de que les importa a los funcionarios de EU el que haya un acuerdo\u201d, asever\u00f3.<\/p>\n<p>Asimismo, el secretario de Relaciones Exteriores mexicano, Marcelo Ebrard, consider\u00f3 en conferencia desde Washington que hab\u00eda un 80 por ciento de probabilidades de llegar a un buen acuerdo para evitar la imposici\u00f3n de aranceles.<\/p>\n","protected":false},"excerpt":{"rendered":"<p>*Desde Reino Unido consider\u00f3 que pese a las reuniones entre ambos gobiernos, los impuestos \u2018van a ser pagados\u2019; califica de rid\u00edculo que republicanos intenten bloquear dicha medida REINO UNIDO El presidente de Estados Unidos, Donald Trump, afirm\u00f3 hoy que \u00ablo m\u00e1s probable\u00bb es que el pr\u00f3ximo lunes entren en vigor los aranceles comerciales que ha&#8230;<\/p>\n","protected":false},"author":2,"featured_media":5333,"comment_status":"open","ping_status":"open","sticky":false,"template":"","format":"standard","meta":{"footnotes":""},"categories":[13],"tags":[29,30,28],"class_list":["post-5332","post","type-post","status-publish","format-standard","has-post-thumbnail","hentry","category-nacion-y-mundo","tag-grid","tag-news","tag-slider"],"_links":{"self":[{"href":"http:\/\/elobservatorio.com.mx\/index.php?rest_route=\/wp\/v2\/posts\/5332"}],"collection":[{"href":"http:\/\/elobservatorio.com.mx\/index.php?rest_route=\/wp\/v2\/posts"}],"about":[{"href":"http:\/\/elobservatorio.com.mx\/index.php?rest_route=\/wp\/v2\/types\/post"}],"author":[{"embeddable":true,"href":"http:\/\/elobservatorio.com.mx\/index.php?rest_route=\/wp\/v2\/users\/2"}],"replies":[{"embeddable":true,"href":"http:\/\/elobservatorio.com.mx\/index.php?rest_route=%2Fwp%2Fv2%2Fcomments&post=5332"}],"version-history":[{"count":0,"href":"http:\/\/elobservatorio.com.mx\/index.php?rest_route=\/wp\/v2\/posts\/5332\/revisions"}],"wp:featuredmedia":[{"embeddable":true,"href":"http:\/\/elobservatorio.com.mx\/index.php?rest_route=\/wp\/v2\/media\/5333"}],"wp:attachment":[{"href":"http:\/\/elobservatorio.com.mx\/index.php?rest_route=%2Fwp%2Fv2%2Fmedia&parent=5332"}],"wp:term":[{"taxonomy":"category","embeddable":true,"href":"http:\/\/elobservatorio.com.mx\/index.php?rest_route=%2Fwp%2Fv2%2Fcategories&post=5332"},{"taxonomy":"post_tag","embeddable":true,"href":"http:\/\/elobservatorio.com.mx\/index.php?rest_route=%2Fwp%2Fv2%2Ftags&post=5332"}],"curies":[{"name":"wp","href":"https:\/\/api.w.org\/{rel}","templated":true}]}}