{"id":5437,"date":"2019-06-10T16:26:57","date_gmt":"2019-06-10T16:26:57","guid":{"rendered":"http:\/\/elobservatorio.com.mx\/se-abre-convocatoria-para-renovar-presidencia-y-secretaria-ejecutiva-de-la-copip"},"modified":"2019-06-10T16:26:57","modified_gmt":"2019-06-10T16:26:57","slug":"se-abre-convocatoria-para-renovar-presidencia-y-secretaria-ejecutiva-de-la-copip","status":"publish","type":"post","link":"http:\/\/elobservatorio.com.mx\/?p=5437","title":{"rendered":"Se abre convocatoria para renovar presidencia y secretar\u00eda ejecutiva de la Copip"},"content":{"rendered":"<p class=\"x_MsoNormal\"><em>*Del 10 al 14 de junio podr\u00e1n presentar sus propuestas organizaciones y empresas period\u00edsticas + Los interesados pueden consultar la convocatoria en la p\u00e1gina de Gobierno del Estado www.col.gob.mx<\/em><\/p>\n<p class=\"x_MsoNormal\">El Gobierno del Estado convoca a las organizaciones gremiales y empresas period\u00edsticas acreditadas, as\u00ed como al ombudsman, y las y los comisionados estatales de los humanos no gubernamentales para que propongan al gobernador Jos\u00e9 Ignacio Peralta S\u00e1nchez los candidatos para ocupar los cargos de Presidencia y Secretar\u00eda Ejecutiva de la Comisi\u00f3n General de Protecci\u00f3n Integral de Ejercicio Period\u00edstico (COPIP).<\/p>\n<p class=\"x_MsoNormal\">Como se recordar\u00e1 el cargo de presidente y secretario Ejecutivo de conformidad a lo establecido por el n\u00famero 8 del Reglamento Integral del Ejercicio Period\u00edstico en el Estado de Colima, durar\u00e1n en su encargo dos a\u00f1os y podr\u00e1n ser reelectos solamente para el periodo consecutivo.<\/p>\n<p class=\"x_MsoNormal\">De esta manera, el actual presidente y secretario ejecutivo cumplieron ya dos a\u00f1os en su encargo por lo que se abre la convocatoria para la elecci\u00f3n de quienes los sustituyan o en su caso para que sean reelectos.<\/p>\n<p class=\"x_MsoNormal\">Cabe mencionar que en t\u00e9rminos de los art\u00edculos 8, 11 y 15 del Reglamento de la Ley para la Protecci\u00f3n Integral del Ejercicio Period\u00edstico en el Estado de Colima, no exige requisitos para el cargo de Presidente o presidenta, no as\u00ed\u00a0 para \u00e9l o la titular de la Secretar\u00eda Ejecutiva, siendo los siguientes: Tener formaci\u00f3n profesional preferentemente en \u00e1reas de humanidades, experiencia acreditable de\u00a0 m\u00e1s de dos a\u00f1os en el \u00e1rea del periodismo y comunicaci\u00f3n y\/o derechos humanos; solvencia moral y jur\u00eddica; estar en pleno goce de sus derechos y facultades y no contar con antecedentes penales por delitos dolosos.<\/p>\n<p class=\"x_MsoNormal\">Las organizaciones gremiales y empresas period\u00edsticas acreditadas del Estado interesadas, podr\u00e1n proponer hasta una candidata o candidato para cada uno de los cargos, debiendo presentar su solicitud dirigida al titular del Poder Ejecutivo, adjuntando por escrito o en formato electr\u00f3nico los siguientes documentos: Acta notariada o alta ante la Secretar\u00eda de Hacienda y Cr\u00e9dito P\u00fablico de la organizaci\u00f3n gremial o de la empresa period\u00edstica proponente (copia simple) y copia simple de la escritura p\u00fablica mediante la cual se acredita la protocolizaci\u00f3n del acta de asamblea en el cual se constituy\u00f3 a organizaci\u00f3n gremial o empresa period\u00edstica proponente.<\/p>\n<p class=\"x_MsoNormal\">De igual forma, la carta e postulaci\u00f3n o apoyo expedida por la organizaci\u00f3n gremial o por la empresa period\u00edstica de la entidad que respalda la candidatura o candidaturas propuestas y en donde se indique con toda claridad a qui\u00e9n o a qui\u00e9nes proponer y para qu\u00e9 cargo (original); el curr\u00edculum vitae de la o de las personas que proponga, que se precise la fecha de nacimiento, los datos generales y n\u00famero de tel\u00e9fono de la o las candidatas o candidatos,\u00a0 y que contengan principalmente su experiencia profesional y\/o acad\u00e9mica (original).<\/p>\n<p class=\"x_MsoNormal\">Tambi\u00e9n tienen que presentar una copia simple de la credencial del Instituto Nacional Electoral y en original una Carta de No antecedentes penales.<\/p>\n<p class=\"x_MsoNormal\">El plazo para la presentaci\u00f3n de las propuestas, ser\u00e1 del d\u00eda 10 al 14 de junio del a\u00f1o 2019, en un horario de las 09:00 a las 16:30 horas, en las instalaciones de la Coordinaci\u00f3n General de Comunicaci\u00f3n Social, ubicadas en Calzada Galv\u00e1n Sur #360, en la ciudad de Colima.<\/p>\n<p class=\"x_MsoNormal\">La convocatoria cita que transcurrido el plazo para la presentaci\u00f3n de propuestas, la Coordinaci\u00f3n General de Comunicaci\u00f3n Social, analizar\u00e1 y revisar\u00e1 el cumplimiento de los requisitos de elegibilidad y formato de expedientes de cada aspirante. Sin embargo, la falta de alguno de los requisitos y documentos previstos en las bases Segunda y Tercera, dar\u00e1 lugar a la desestimaci\u00f3n de la propuesta dentro del procedimiento relativo.<\/p>\n<p class=\"x_MsoNormal\">Una vez analizadas y revisadas las propuestas por la Coordinaci\u00f3n General de Comunicaci\u00f3n Social, al d\u00eda h\u00e1bil siguiente se remitir\u00e1 al gobernador del Estado, un listado que contenga la relaci\u00f3n de las que cumplan con los requisitos de elegibilidad, debiendo acompa\u00f1ar los expedientes respectivos.<\/p>\n<p class=\"x_MsoNormal\">De conformidad con los dispuestos en el art\u00edculo 8 del Reglamento de la Ley, el titular del Poder Ejecutivo nombrar\u00e1 a los comisionados con base en las propuestas recibidas. Los interesados podr\u00e1n consultar la convocatoria en la p\u00e1gina de Gobierno del Estado www.col.gob.mx.<\/p>\n","protected":false},"excerpt":{"rendered":"<p>*Del 10 al 14 de junio podr\u00e1n presentar sus propuestas organizaciones y empresas period\u00edsticas + Los interesados pueden consultar la convocatoria en la p\u00e1gina de Gobierno del Estado www.col.gob.mx El Gobierno del Estado convoca a las organizaciones gremiales y empresas period\u00edsticas acreditadas, as\u00ed como al ombudsman, y las y los comisionados estatales de los humanos&#8230;<\/p>\n","protected":false},"author":2,"featured_media":5438,"comment_status":"open","ping_status":"open","sticky":false,"template":"","format":"standard","meta":{"footnotes":""},"categories":[16],"tags":[29,30,28],"class_list":["post-5437","post","type-post","status-publish","format-standard","has-post-thumbnail","hentry","category-gobierno","tag-grid","tag-news","tag-slider"],"_links":{"self":[{"href":"http:\/\/elobservatorio.com.mx\/index.php?rest_route=\/wp\/v2\/posts\/5437"}],"collection":[{"href":"http:\/\/elobservatorio.com.mx\/index.php?rest_route=\/wp\/v2\/posts"}],"about":[{"href":"http:\/\/elobservatorio.com.mx\/index.php?rest_route=\/wp\/v2\/types\/post"}],"author":[{"embeddable":true,"href":"http:\/\/elobservatorio.com.mx\/index.php?rest_route=\/wp\/v2\/users\/2"}],"replies":[{"embeddable":true,"href":"http:\/\/elobservatorio.com.mx\/index.php?rest_route=%2Fwp%2Fv2%2Fcomments&post=5437"}],"version-history":[{"count":0,"href":"http:\/\/elobservatorio.com.mx\/index.php?rest_route=\/wp\/v2\/posts\/5437\/revisions"}],"wp:featuredmedia":[{"embeddable":true,"href":"http:\/\/elobservatorio.com.mx\/index.php?rest_route=\/wp\/v2\/media\/5438"}],"wp:attachment":[{"href":"http:\/\/elobservatorio.com.mx\/index.php?rest_route=%2Fwp%2Fv2%2Fmedia&parent=5437"}],"wp:term":[{"taxonomy":"category","embeddable":true,"href":"http:\/\/elobservatorio.com.mx\/index.php?rest_route=%2Fwp%2Fv2%2Fcategories&post=5437"},{"taxonomy":"post_tag","embeddable":true,"href":"http:\/\/elobservatorio.com.mx\/index.php?rest_route=%2Fwp%2Fv2%2Ftags&post=5437"}],"curies":[{"name":"wp","href":"https:\/\/api.w.org\/{rel}","templated":true}]}}