{"id":5440,"date":"2019-06-10T16:38:45","date_gmt":"2019-06-10T16:38:45","guid":{"rendered":"http:\/\/elobservatorio.com.mx\/eco-fest-2019-referente-para-cuidar-nuestro-ecosistema-felipe-cruz"},"modified":"2019-06-10T16:38:45","modified_gmt":"2019-06-10T16:38:45","slug":"eco-fest-2019-referente-para-cuidar-nuestro-ecosistema-felipe-cruz","status":"publish","type":"post","link":"http:\/\/elobservatorio.com.mx\/?p=5440","title":{"rendered":"Eco-Fest 2019, referente para cuidar nuestro ecosistema: Felipe Cruz"},"content":{"rendered":"<p><em>*Jornada del Eco-Fest, todo un \u00e9xito en Villa de \u00c1lvarez, puesto en marcha por el alcalde, regidor Josu\u00e9 Vergara y diputadas locales Blanca Livier Rodr\u00edguez y Remedios Olivera <\/em><\/p>\n<p>Esta actividad del ECO-FEST 2019, con motivo del D\u00cdA MUNDIAL DEL MEDIO AMBIENTE, es un referente para cuidar nuestro ecosistema.<\/p>\n<p>As\u00ed lo expres\u00f3 el Presidente Municipal de Villa de \u00c1lvarez, Felipe Cruz, al poner en marcha esta jornada, este fin de semana, en el \u00e1rea jardinada a espaldas de Casa de la Cultura, una de las dos sedes de este festival medioambiental, junto con el Jard\u00edn del Arte Juan de Arr\u00fae, con actividades diversas, tendientes a crear conciencia sobre el cuidado de nuestro ecosistema.<\/p>\n<p>Este evento fue organizado por CAMBIO CLIM\u00c1TICO, A. C., integrado por 7 asociaciones civiles, en coordinaci\u00f3n con el Ayuntamiento de Villa de \u00c1lvarez, a trav\u00e9s de la Direcci\u00f3n de Ecolog\u00eda, y tuvo actividades como Exposiciones, Talleres, Charlas, y Alimentos y Productos Org\u00e1nicos, entre otras din\u00e1micas.<\/p>\n<p>El alcalde Felipe Cruz, al inaugurar esta actividad, estuvo acompa\u00f1ado por el regidor Josu\u00e9 Vergara, Presidente de la Comisi\u00f3n de Ecolog\u00eda; por el director municipal de Ecolog\u00eda, Daniel D\u00edaz; y por las diputadas locales Blanca Livier Rodr\u00edguez y Remedios Olivera, presidentas de la Comisi\u00f3n de Ecolog\u00eda y de Derechos Humanos, en este orden.<\/p>\n<p>Al tomar la palabra el regidor y las diputadas, Josu\u00e9 Vergara anunci\u00f3 la organizaci\u00f3n de foros en la materia, a mediados de julio, con el objetivo de que Villa de \u00c1lvarez cuente con reglamentaci\u00f3n moderna y actualizada, de acuerdo con las necesidades y exigencias del municipio; mientras que la diputada Livier Rodr\u00edguez inform\u00f3 que este lunes 10 de junio ser\u00e1 discutida en el Congreso del Estado una Iniciativa de Reforma Constitucional en materia de derechos humanos medioambientales.<\/p>\n","protected":false},"excerpt":{"rendered":"<p>*Jornada del Eco-Fest, todo un \u00e9xito en Villa de \u00c1lvarez, puesto en marcha por el alcalde, regidor Josu\u00e9 Vergara y diputadas locales Blanca Livier Rodr\u00edguez y Remedios Olivera Esta actividad del ECO-FEST 2019, con motivo del D\u00cdA MUNDIAL DEL MEDIO AMBIENTE, es un referente para cuidar nuestro ecosistema. As\u00ed lo expres\u00f3 el Presidente Municipal de&#8230;<\/p>\n","protected":false},"author":2,"featured_media":5441,"comment_status":"open","ping_status":"open","sticky":false,"template":"","format":"standard","meta":{"footnotes":""},"categories":[8,42],"tags":[],"class_list":["post-5440","post","type-post","status-publish","format-standard","has-post-thumbnail","hentry","category-municipios","category-villa-de-alvarez"],"_links":{"self":[{"href":"http:\/\/elobservatorio.com.mx\/index.php?rest_route=\/wp\/v2\/posts\/5440"}],"collection":[{"href":"http:\/\/elobservatorio.com.mx\/index.php?rest_route=\/wp\/v2\/posts"}],"about":[{"href":"http:\/\/elobservatorio.com.mx\/index.php?rest_route=\/wp\/v2\/types\/post"}],"author":[{"embeddable":true,"href":"http:\/\/elobservatorio.com.mx\/index.php?rest_route=\/wp\/v2\/users\/2"}],"replies":[{"embeddable":true,"href":"http:\/\/elobservatorio.com.mx\/index.php?rest_route=%2Fwp%2Fv2%2Fcomments&post=5440"}],"version-history":[{"count":0,"href":"http:\/\/elobservatorio.com.mx\/index.php?rest_route=\/wp\/v2\/posts\/5440\/revisions"}],"wp:featuredmedia":[{"embeddable":true,"href":"http:\/\/elobservatorio.com.mx\/index.php?rest_route=\/wp\/v2\/media\/5441"}],"wp:attachment":[{"href":"http:\/\/elobservatorio.com.mx\/index.php?rest_route=%2Fwp%2Fv2%2Fmedia&parent=5440"}],"wp:term":[{"taxonomy":"category","embeddable":true,"href":"http:\/\/elobservatorio.com.mx\/index.php?rest_route=%2Fwp%2Fv2%2Fcategories&post=5440"},{"taxonomy":"post_tag","embeddable":true,"href":"http:\/\/elobservatorio.com.mx\/index.php?rest_route=%2Fwp%2Fv2%2Ftags&post=5440"}],"curies":[{"name":"wp","href":"https:\/\/api.w.org\/{rel}","templated":true}]}}