{"id":561,"date":"2018-11-26T19:13:03","date_gmt":"2018-11-26T19:13:03","guid":{"rendered":"http:\/\/elobservatorio.com.mx\/no-mas-violencia-contra-las-mujeres-mary-rubio"},"modified":"2018-11-26T19:13:03","modified_gmt":"2018-11-26T19:13:03","slug":"no-mas-violencia-contra-las-mujeres-mary-rubio","status":"publish","type":"post","link":"http:\/\/elobservatorio.com.mx\/?p=561","title":{"rendered":"No m\u00e1s violencia contra  las mujeres: Mary Rubio"},"content":{"rendered":"<p class=\"x_gmail-MsoNoSpacing\"><em>*\u201cSi no la detienes a tiempo, la violencia ir\u00e1 en aumento\u201d, afirma<\/em><\/p>\n<p class=\"x_gmail-MsoNoSpacing\">Colima, Col.- De manera conjunta con el ONMPRI a nivel nacional, se iniciaron 16 d\u00edas de activismo en los que se busca sensibilizar sobre la necesidad de crear entornos de respeto y armon\u00eda, para la relaci\u00f3n entre las mujeres y hombres.<\/p>\n<p class=\"x_gmail-MsoNoSpacing\">Lo anterior fue informado por Mar\u00eda Rubio Bay\u00f3n, delegada en la entidad colimense de la Organizaci\u00f3n Nacional de Mujeres Priistas quien agreg\u00f3 que, habr\u00e1 de implementar estrategias firmes direccionadas a que ya no haya m\u00e1s violencia contra las mujeres.<\/p>\n<p class=\"x_gmail-MsoNoSpacing\">Indic\u00f3 que, si no se haca nada a tiempo en ese sentido, la violencia ir\u00e1 en aumento, por lo que se debe disminuir las estad\u00edsticas y erradicar esta prevaleciente problem\u00e1tica, que est\u00e1 dejando severas secuelas en los respectivos n\u00facleos familiares.<\/p>\n<p class=\"x_gmail-MsoNoSpacing\">Precis\u00f3 que, los tipos de violencia que se dan en contra de las mujeres son psicol\u00f3gicos, f\u00edsica, patrimonial, sexual y econ\u00f3mica. \u201cEn M\u00e9xico, m\u00e1s de 10 millones de mujeres han sufrido violencia por parte de su pareja, poco m\u00e1s de 9 millones de tipo emocional, cerca de 5 millones violencia econ\u00f3mica, aproximadamente 2 millones violencia f\u00edsica y poco m\u00e1s de 9 millones de mujeres han sufrido violencia sexual\u201d, precis\u00f3.<\/p>\n<p class=\"x_gmail-MsoNoSpacing\">Finalmente, Mar\u00eda Rubio se\u00f1al\u00f3 que, en el a\u00f1o de 1993 la declaraci\u00f3n sobre la eliminaci\u00f3n de la violencia contra las mujeres de la Asamblea General de las Naciones Unidas, estableci\u00f3 un marco de acci\u00f3n para luchar contra esta pandemia, sin embargo, m\u00e1s de 25 a\u00f1os despu\u00e9s, una de cada tres mujeres sigue sufriendo violencia principalmente, a manos de su compa\u00f1ero sentimental.<\/p>\n","protected":false},"excerpt":{"rendered":"<p>*\u201cSi no la detienes a tiempo, la violencia ir\u00e1 en aumento\u201d, afirma Colima, Col.- De manera conjunta con el ONMPRI a nivel nacional, se iniciaron 16 d\u00edas de activismo en los que se busca sensibilizar sobre la necesidad de crear entornos de respeto y armon\u00eda, para la relaci\u00f3n entre las mujeres y hombres. Lo anterior&#8230;<\/p>\n","protected":false},"author":2,"featured_media":562,"comment_status":"open","ping_status":"open","sticky":false,"template":"","format":"standard","meta":{"footnotes":""},"categories":[10],"tags":[29,30,28],"class_list":["post-561","post","type-post","status-publish","format-standard","has-post-thumbnail","hentry","category-politica","tag-grid","tag-news","tag-slider"],"_links":{"self":[{"href":"http:\/\/elobservatorio.com.mx\/index.php?rest_route=\/wp\/v2\/posts\/561"}],"collection":[{"href":"http:\/\/elobservatorio.com.mx\/index.php?rest_route=\/wp\/v2\/posts"}],"about":[{"href":"http:\/\/elobservatorio.com.mx\/index.php?rest_route=\/wp\/v2\/types\/post"}],"author":[{"embeddable":true,"href":"http:\/\/elobservatorio.com.mx\/index.php?rest_route=\/wp\/v2\/users\/2"}],"replies":[{"embeddable":true,"href":"http:\/\/elobservatorio.com.mx\/index.php?rest_route=%2Fwp%2Fv2%2Fcomments&post=561"}],"version-history":[{"count":0,"href":"http:\/\/elobservatorio.com.mx\/index.php?rest_route=\/wp\/v2\/posts\/561\/revisions"}],"wp:featuredmedia":[{"embeddable":true,"href":"http:\/\/elobservatorio.com.mx\/index.php?rest_route=\/wp\/v2\/media\/562"}],"wp:attachment":[{"href":"http:\/\/elobservatorio.com.mx\/index.php?rest_route=%2Fwp%2Fv2%2Fmedia&parent=561"}],"wp:term":[{"taxonomy":"category","embeddable":true,"href":"http:\/\/elobservatorio.com.mx\/index.php?rest_route=%2Fwp%2Fv2%2Fcategories&post=561"},{"taxonomy":"post_tag","embeddable":true,"href":"http:\/\/elobservatorio.com.mx\/index.php?rest_route=%2Fwp%2Fv2%2Ftags&post=561"}],"curies":[{"name":"wp","href":"https:\/\/api.w.org\/{rel}","templated":true}]}}