{"id":5624,"date":"2019-06-18T18:07:35","date_gmt":"2019-06-18T18:07:35","guid":{"rendered":"http:\/\/elobservatorio.com.mx\/pri-da-a-conocer-las-convocatorias-para-la-renovacion-de-los-diez-consejos-politicos-municipales"},"modified":"2019-06-18T18:07:35","modified_gmt":"2019-06-18T18:07:35","slug":"pri-da-a-conocer-las-convocatorias-para-la-renovacion-de-los-diez-consejos-politicos-municipales","status":"publish","type":"post","link":"http:\/\/elobservatorio.com.mx\/?p=5624","title":{"rendered":"PRI da a conocer las Convocatorias para la Renovaci\u00f3n de los diez Consejos Pol\u00edticos Municipales"},"content":{"rendered":"<p><em>*En el PRI nos estamos renovando con su estructura pero sobre todo con las actitudes: Kike Rojas <\/em><br \/>\n<em>*La jornada de registro de las planillas se llevar\u00e1 a cabo en cada una de las sedes de los comit\u00e9s municipales el 4 de julio<\/em><\/p>\n<p>Colima, Col., 18 de junio de 2019.- En el PRI nos estamos renovando con la estructura pero sobre todo con las actitudes de escuchar, de dialogar, de llegar a consensos, pero tambi\u00e9n de debatir al interior del Partido con la finalidad de salir unidos y fortalecidos, as\u00ed lo expres\u00f3 el Presidente del Comit\u00e9 Directivo Estatal, Kike Rojas Orozco durante la rueda de prensa donde se dio a conocer las Convocatorias para la Renovaci\u00f3n de los diez Consejos Pol\u00edticos Municipales para el periodo 2019-2022.<\/p>\n<p>En el auditorio, Luis Donaldo Colosio, Kike Rojas acompa\u00f1ado por la Secretaria general, Esperanza Hern\u00e1ndez Brice\u00f1o, el Presidente de la Comisi\u00f3n Estatal de Procesos Internos, Rafael Hern\u00e1ndez Casta\u00f1eda as\u00ed como los dirigentes de los comit\u00e9s municipales y l\u00edderes de sectores y organizaciones dijo que con la renovaci\u00f3n de los consejos pol\u00edticos municipales se modifica el \u00f3rgano m\u00e1s importante de decisi\u00f3n del PRI en los municipios.<\/p>\n<p>\u201cLo hacemos conscientes de que la inclusi\u00f3n y la unidad ser\u00e1 lo fundamental para poder debatir, para discutir la decisi\u00f3n de la mayor\u00eda y que marque el rumbo de las decisiones en cada comit\u00e9 municipal\u201d.<\/p>\n<p>Kike Rojas afirm\u00f3 que hoy m\u00e1s que nunca el PRI acredita congruencia y lo hace con la renovaci\u00f3n de la dirigencia nacional donde se dijo que la consulta a la militancia ser\u00e1 lo m\u00e1s importante para recobrar la fortaleza del Revolucionario Institucional.<\/p>\n<p>Pidi\u00f3 a las dirigencias municipales y de sectores y organizaciones y delegados estatales su presencia, porque dijo, ser\u00e1n ellos los operadores verdaderos en el campo de batalla y su presencia siempre fortalecer\u00e1n al Comit\u00e9 Directivo Estatal.<\/p>\n<p>Al hacer el uso de la voz el presidente de la Comisi\u00f3n Estatal de Procesos Internos, Rafael Hern\u00e1ndez Casta\u00f1eda dio a conocer las fechas de la convocatoria para la renovaci\u00f3n de los Consejos Pol\u00edticos Municipales para el periodo 2019-2022; detall\u00f3 que luego de que el pasado 17 de junio se emitiera la Convocatoria, la jornada de registro de estas planillas se llevar\u00e1 a cabo en cada una de las sedes de los comit\u00e9s municipales el 4 de julio en un horario de 17:00 a las 20:00 horas.<\/p>\n<p>Afirm\u00f3 que el Consejo Pol\u00edtico Municipal es el \u00f3rgano de mayor importancia en el municipio ya que agrupa segmentos como lo son ex presidentes municipales, ex presidentes de comit\u00e9s seccionales, consejeros por la v\u00eda territorial, sectores y organizaciones.<\/p>\n<p>Asimismo se\u00f1al\u00f3 que la declaratoria de validez de los Consejos Pol\u00edticos Municipales ser\u00e1 el d\u00eda viernes 19 de julio y una vez hecha la declaratoria de validez se ver\u00e1n las fechas de las tomas de protestas.<\/p>\n<p>\u201cCon esto quedar\u00e1n definidos los Consejos Pol\u00edticos y tendr\u00e1n una vigencia de tres a\u00f1os, con lo que estaremos preparados para enfrentar el pr\u00f3ximo proceso electoral con dirigencias y consejos pol\u00edticos vigentes que est\u00e9n operando para que los acuerdos que se hagan, tengan la validez oficial\u201d, apunt\u00f3.<\/p>\n<p>Cabe destacar que al t\u00e9rmino de la rueda de prensa se colocaron las diez convocatorias en estrados del Comit\u00e9 Directivo Estatal al mismo tiempo que tambi\u00e9n ser\u00e1n colocadas en cada comit\u00e9 municipal.<\/p>\n","protected":false},"excerpt":{"rendered":"<p>*En el PRI nos estamos renovando con su estructura pero sobre todo con las actitudes: Kike Rojas *La jornada de registro de las planillas se llevar\u00e1 a cabo en cada una de las sedes de los comit\u00e9s municipales el 4 de julio Colima, Col., 18 de junio de 2019.- En el PRI nos estamos renovando&#8230;<\/p>\n","protected":false},"author":2,"featured_media":5625,"comment_status":"open","ping_status":"open","sticky":false,"template":"","format":"standard","meta":{"footnotes":""},"categories":[10],"tags":[29,30,28],"class_list":["post-5624","post","type-post","status-publish","format-standard","has-post-thumbnail","hentry","category-politica","tag-grid","tag-news","tag-slider"],"_links":{"self":[{"href":"http:\/\/elobservatorio.com.mx\/index.php?rest_route=\/wp\/v2\/posts\/5624"}],"collection":[{"href":"http:\/\/elobservatorio.com.mx\/index.php?rest_route=\/wp\/v2\/posts"}],"about":[{"href":"http:\/\/elobservatorio.com.mx\/index.php?rest_route=\/wp\/v2\/types\/post"}],"author":[{"embeddable":true,"href":"http:\/\/elobservatorio.com.mx\/index.php?rest_route=\/wp\/v2\/users\/2"}],"replies":[{"embeddable":true,"href":"http:\/\/elobservatorio.com.mx\/index.php?rest_route=%2Fwp%2Fv2%2Fcomments&post=5624"}],"version-history":[{"count":0,"href":"http:\/\/elobservatorio.com.mx\/index.php?rest_route=\/wp\/v2\/posts\/5624\/revisions"}],"wp:featuredmedia":[{"embeddable":true,"href":"http:\/\/elobservatorio.com.mx\/index.php?rest_route=\/wp\/v2\/media\/5625"}],"wp:attachment":[{"href":"http:\/\/elobservatorio.com.mx\/index.php?rest_route=%2Fwp%2Fv2%2Fmedia&parent=5624"}],"wp:term":[{"taxonomy":"category","embeddable":true,"href":"http:\/\/elobservatorio.com.mx\/index.php?rest_route=%2Fwp%2Fv2%2Fcategories&post=5624"},{"taxonomy":"post_tag","embeddable":true,"href":"http:\/\/elobservatorio.com.mx\/index.php?rest_route=%2Fwp%2Fv2%2Ftags&post=5624"}],"curies":[{"name":"wp","href":"https:\/\/api.w.org\/{rel}","templated":true}]}}