{"id":5627,"date":"2019-06-18T18:11:10","date_gmt":"2019-06-18T18:11:10","guid":{"rendered":"http:\/\/elobservatorio.com.mx\/suspende-coespris-temporalmente-rastro-de-queseria"},"modified":"2019-06-18T18:11:10","modified_gmt":"2019-06-18T18:11:10","slug":"suspende-coespris-temporalmente-rastro-de-queseria","status":"publish","type":"post","link":"http:\/\/elobservatorio.com.mx\/?p=5627","title":{"rendered":"Suspende Coespris temporalmente rastro de Queser\u00eda"},"content":{"rendered":"<p class=\"x_MsoNormal\"><i>*La medida responde a denuncia ciudadana atendida por la Comisi\u00f3n Estatal para la protecci\u00f3n contra Riesgos Sanitarios<\/i><\/p>\n<p class=\"x_MsoNormal\">Luego de constatar las condiciones f\u00edsicas y sanitarias de las instalaciones, as\u00ed como los controles del proceso de matanza o faenado, el rastro de Queser\u00eda fue suspendido temporalmente por la Comisi\u00f3n Estatal para la protecci\u00f3n contra Riesgos Sanitarios (Coespris).<\/p>\n<p class=\"x_MsoNormal\">Este organismo, dependiente de la Secretar\u00eda de Salud y Bienestar Social del Gobierno del Estado, atendi\u00f3 una denuncia ciudadana interpuesta acusando deficiencias en operaci\u00f3n.<\/p>\n<p class=\"x_MsoNormal\">Luego de acudir a la verificaci\u00f3n sanitaria se determin\u00f3 que el inmueble y su operaci\u00f3n representan posible riesgo a la salud de los trabajadores y, de la poblaci\u00f3n.<\/p>\n<p class=\"x_MsoNormal\">En general, el proceso de matanza de ganado para producir carne de buena calidad sanitaria para consumo humano en dicho lugar, estaba amenazado por \u00e1reas desprotegidas, traspaso con los corrales, condiciones de infraestructura, mantenimiento, sanitarios, control de plagas, monitoreo de cloraci\u00f3n de agua, programa de desinfecci\u00f3n y drenaje.<\/p>\n<p class=\"x_MsoNormal\">Por ello, como medida precautoria, en apego a derecho y para salvaguardar la salud de las personas, se aplic\u00f3 la medida de seguridad de manera temporal hasta que se eliminen las condiciones de riesgo.<\/p>\n<p class=\"x_MsoNormal\">Explic\u00f3 que desde el pasado 5 de junio, a solicitud de las autoridades municipales, se tuvo reuni\u00f3n de trabajo para informar sobre las correcciones que se deben aplicar para cumplir con la normatividad sanitaria y reanudar con el funcionamiento.<\/p>\n<p class=\"x_MsoNormal\">La Coespris se\u00f1ala que el n\u00famero 01800REGULAS (7348527) se tiene para atender y, orientar sobre estos procesos, as\u00ed como para el fomento sanitario de la poblaci\u00f3n en general.<\/p>\n","protected":false},"excerpt":{"rendered":"<p>*La medida responde a denuncia ciudadana atendida por la Comisi\u00f3n Estatal para la protecci\u00f3n contra Riesgos Sanitarios Luego de constatar las condiciones f\u00edsicas y sanitarias de las instalaciones, as\u00ed como los controles del proceso de matanza o faenado, el rastro de Queser\u00eda fue suspendido temporalmente por la Comisi\u00f3n Estatal para la protecci\u00f3n contra Riesgos Sanitarios&#8230;<\/p>\n","protected":false},"author":2,"featured_media":5628,"comment_status":"open","ping_status":"open","sticky":false,"template":"","format":"standard","meta":{"footnotes":""},"categories":[9],"tags":[29,30,28],"class_list":["post-5627","post","type-post","status-publish","format-standard","has-post-thumbnail","hentry","category-agro-y-salud","tag-grid","tag-news","tag-slider"],"_links":{"self":[{"href":"http:\/\/elobservatorio.com.mx\/index.php?rest_route=\/wp\/v2\/posts\/5627"}],"collection":[{"href":"http:\/\/elobservatorio.com.mx\/index.php?rest_route=\/wp\/v2\/posts"}],"about":[{"href":"http:\/\/elobservatorio.com.mx\/index.php?rest_route=\/wp\/v2\/types\/post"}],"author":[{"embeddable":true,"href":"http:\/\/elobservatorio.com.mx\/index.php?rest_route=\/wp\/v2\/users\/2"}],"replies":[{"embeddable":true,"href":"http:\/\/elobservatorio.com.mx\/index.php?rest_route=%2Fwp%2Fv2%2Fcomments&post=5627"}],"version-history":[{"count":0,"href":"http:\/\/elobservatorio.com.mx\/index.php?rest_route=\/wp\/v2\/posts\/5627\/revisions"}],"wp:featuredmedia":[{"embeddable":true,"href":"http:\/\/elobservatorio.com.mx\/index.php?rest_route=\/wp\/v2\/media\/5628"}],"wp:attachment":[{"href":"http:\/\/elobservatorio.com.mx\/index.php?rest_route=%2Fwp%2Fv2%2Fmedia&parent=5627"}],"wp:term":[{"taxonomy":"category","embeddable":true,"href":"http:\/\/elobservatorio.com.mx\/index.php?rest_route=%2Fwp%2Fv2%2Fcategories&post=5627"},{"taxonomy":"post_tag","embeddable":true,"href":"http:\/\/elobservatorio.com.mx\/index.php?rest_route=%2Fwp%2Fv2%2Ftags&post=5627"}],"curies":[{"name":"wp","href":"https:\/\/api.w.org\/{rel}","templated":true}]}}