{"id":564,"date":"2018-11-26T19:15:12","date_gmt":"2018-11-26T19:15:12","guid":{"rendered":"http:\/\/elobservatorio.com.mx\/canjea-liconsa-colima-tarjetas-de-abasto-social-de-leche-en-jalisco"},"modified":"2018-11-26T19:15:12","modified_gmt":"2018-11-26T19:15:12","slug":"canjea-liconsa-colima-tarjetas-de-abasto-social-de-leche-en-jalisco","status":"publish","type":"post","link":"http:\/\/elobservatorio.com.mx\/?p=564","title":{"rendered":"Canjea Liconsa Colima tarjetas de  abasto social de leche en Jalisco"},"content":{"rendered":"<p class=\"x_gmail-MsoNoSpacing\"><em>*Garantiza servicio a derechohabientes de Tuxpan, Ciudad Guzm\u00e1n, Zapotiltic, Tamazula, Sayula, y Usmajac, Jalisco y Coquimatl\u00e1n, Colima: Roberto Bravo<\/em><\/p>\n<p class=\"x_gmail-MsoNoSpacing\">Liconsa Colima reinici\u00f3 con el canje de tarjetas de abasto social de leche de derechohabientes, con lo que se garantiza que tendr\u00e1n un a\u00f1o m\u00e1s el programa, expres\u00f3 Roberto Bravo Flores, gerente general de la paraestatal en la entidad colimense.<\/p>\n<p class=\"x_gmail-MsoNoSpacing\">Asimismo, manifest\u00f3 que, realizaron el canje de tarjetas en las colonias en los municipios de Tuxpan, Zapotl\u00e1n El Grande-Ciudad Guzm\u00e1n, Zapotiltic, Tamazula, Sayula y Usmajac, Jalisco, as\u00ed como, en Coquimatl\u00e1n, Colima.<\/p>\n<p class=\"x_gmail-MsoNoSpacing\">Indic\u00f3 que, la tarjeta se debe cambiar porque as\u00ed lo establece la norma y sirve para realizar una contralor\u00eda social para el propio reconocimiento de los derechohabientes y el programa llegue a quien debe llegar.<\/p>\n<p class=\"x_gmail-MsoNoSpacing\">En Colima hay cerca de los 30 mil derechohabientes de Liconsa, incluidos en 12 mil tarjetas.<\/p>\n<p class=\"x_gmail-MsoNoSpacing\">\u201cPero en la gerencia atendemos a m\u00e1s de 64 mil personas, ya que llegamos a los 10 municipios de Colima, 2 municipios de Michoac\u00e1n y 23 municipios de Jalisco\u201d.<\/p>\n<p class=\"x_gmail-MsoNoSpacing\">Bravo Flores dijo que espera que, con el nuevo gobierno federal que habr\u00e1 de encabezar Andr\u00e9s Manuel L\u00f3pez Obrador, contin\u00fae este programa.<\/p>\n<p>Finalmente, Roberto Bravo se\u00f1al\u00f3 que, tienen 74 a\u00f1os de estar en el pa\u00eds y a pesar de las transiciones que ha habido el programa de Liconsa ha seguido y espera que sea uno de los programas que prevalezca, pero eso le toca decidirlo a la pr\u00f3xima administraci\u00f3n federal.<\/p>\n","protected":false},"excerpt":{"rendered":"<p>*Garantiza servicio a derechohabientes de Tuxpan, Ciudad Guzm\u00e1n, Zapotiltic, Tamazula, Sayula, y Usmajac, Jalisco y Coquimatl\u00e1n, Colima: Roberto Bravo Liconsa Colima reinici\u00f3 con el canje de tarjetas de abasto social de leche de derechohabientes, con lo que se garantiza que tendr\u00e1n un a\u00f1o m\u00e1s el programa, expres\u00f3 Roberto Bravo Flores, gerente general de la paraestatal&#8230;<\/p>\n","protected":false},"author":2,"featured_media":565,"comment_status":"open","ping_status":"open","sticky":false,"template":"","format":"standard","meta":{"footnotes":""},"categories":[18],"tags":[29,30,28],"class_list":["post-564","post","type-post","status-publish","format-standard","has-post-thumbnail","hentry","category-region","tag-grid","tag-news","tag-slider"],"_links":{"self":[{"href":"http:\/\/elobservatorio.com.mx\/index.php?rest_route=\/wp\/v2\/posts\/564"}],"collection":[{"href":"http:\/\/elobservatorio.com.mx\/index.php?rest_route=\/wp\/v2\/posts"}],"about":[{"href":"http:\/\/elobservatorio.com.mx\/index.php?rest_route=\/wp\/v2\/types\/post"}],"author":[{"embeddable":true,"href":"http:\/\/elobservatorio.com.mx\/index.php?rest_route=\/wp\/v2\/users\/2"}],"replies":[{"embeddable":true,"href":"http:\/\/elobservatorio.com.mx\/index.php?rest_route=%2Fwp%2Fv2%2Fcomments&post=564"}],"version-history":[{"count":0,"href":"http:\/\/elobservatorio.com.mx\/index.php?rest_route=\/wp\/v2\/posts\/564\/revisions"}],"wp:featuredmedia":[{"embeddable":true,"href":"http:\/\/elobservatorio.com.mx\/index.php?rest_route=\/wp\/v2\/media\/565"}],"wp:attachment":[{"href":"http:\/\/elobservatorio.com.mx\/index.php?rest_route=%2Fwp%2Fv2%2Fmedia&parent=564"}],"wp:term":[{"taxonomy":"category","embeddable":true,"href":"http:\/\/elobservatorio.com.mx\/index.php?rest_route=%2Fwp%2Fv2%2Fcategories&post=564"},{"taxonomy":"post_tag","embeddable":true,"href":"http:\/\/elobservatorio.com.mx\/index.php?rest_route=%2Fwp%2Fv2%2Ftags&post=564"}],"curies":[{"name":"wp","href":"https:\/\/api.w.org\/{rel}","templated":true}]}}