{"id":5643,"date":"2019-06-19T18:44:51","date_gmt":"2019-06-19T18:44:51","guid":{"rendered":"http:\/\/elobservatorio.com.mx\/realizan-estudiantes-proyectos-de-integracion-sobre-turismo"},"modified":"2019-06-19T18:44:51","modified_gmt":"2019-06-19T18:44:51","slug":"realizan-estudiantes-proyectos-de-integracion-sobre-turismo","status":"publish","type":"post","link":"http:\/\/elobservatorio.com.mx\/?p=5643","title":{"rendered":"Realizan estudiantes proyectos de integraci\u00f3n sobre Turismo"},"content":{"rendered":"<p><em>*Objetivo: integrar conocimientos y vincularse con escenarios reales.<\/em><\/p>\n<p>Alumnos de Turismo de la Universidad de Colima estar\u00e1n realizando, durante dos d\u00edas, la presentaci\u00f3n de proyectos emprendedores durante el V Foro de Emprendimiento Tur\u00edstico, con once iniciativas de negocio enfocadas en el \u00e1rea.<\/p>\n<p>En este sentido, Fernando S\u00e1nchez C\u00e1rdenas, director de la Facultad de Turismo en el campus Villa de \u00c1lvarez, destac\u00f3 el hecho de fomentar cada d\u00eda m\u00e1s la importancia del emprendedurismo, para que al egresar los j\u00f3venes cuenten con herramientas y proyectos para iniciar su propio negocio.<\/p>\n<p>Algunos datos del Plan Nacional de Desarrollo que se present\u00f3 hace algunos meses, record\u00f3 el director, se\u00f1alan que el sector tur\u00edstico aporta cerca del 8.8 por ciento del PIB, generando m\u00e1s de cuatro millones de empleos de manera directa, y alrededor de 10 millones indirectamente.<\/p>\n<p>Lo anterior se traduce en una movilizaci\u00f3n de 20 a 25 millones de personas al a\u00f1o, cifras que ubican a M\u00e9xico como el sexto mayor destino tur\u00edstico del mundo, hablando de turismo extranjero.<\/p>\n<p>Por lo anterior, invit\u00f3 a los estudiantes a generar las oportunidades de negocio en este momento en que la econom\u00eda colaborativa est\u00e1 dando buenos resultados, a partir de la suma de talentos de egresados de diferentes carreras para fortalecer los proyectos.<\/p>\n<p>En su turno, Carlos Amaya Molinar, profesor del plantel, explic\u00f3 que es importante desarrollar el impulso emprendedor en los alumnos, \u201crevolucionar su forma de pensar y que se animen a tener sus propios negocios y empresas\u201d.<\/p>\n<p>Afirm\u00f3 que hoy en d\u00eda el emprendimiento tiene muchas otras alternativas que desarrollan beneficios econ\u00f3micos y sociales, y explic\u00f3 que once equipos de estudiantes realizaron planes de negocio enfocados en el \u00e1rea de servicios, \u201clos cuales cuentan con planteamientos innovadores que ofrecen ventaja competitiva en comparaci\u00f3n con otros\u201d.<\/p>\n<p>Cabe destacar, aclar\u00f3, que los proyectos ser\u00e1n evaluados por personas especialistas en formulaci\u00f3n de planes de negocio y formulaci\u00f3n de proyectos del sector tur\u00edstico.<\/p>\n<p>Este V Foro de Emprendimiento cuenta tambi\u00e9n con la presentaci\u00f3n de dos conferencias y un p\u00e1nel de emprendedores integrado por acad\u00e9micos invitados del Centro Universitario del Sur de la Universidad de Guadalajara.<\/p>\n","protected":false},"excerpt":{"rendered":"<p>*Objetivo: integrar conocimientos y vincularse con escenarios reales. Alumnos de Turismo de la Universidad de Colima estar\u00e1n realizando, durante dos d\u00edas, la presentaci\u00f3n de proyectos emprendedores durante el V Foro de Emprendimiento Tur\u00edstico, con once iniciativas de negocio enfocadas en el \u00e1rea. En este sentido, Fernando S\u00e1nchez C\u00e1rdenas, director de la Facultad de Turismo en&#8230;<\/p>\n","protected":false},"author":2,"featured_media":5644,"comment_status":"open","ping_status":"open","sticky":false,"template":"","format":"standard","meta":{"footnotes":""},"categories":[14],"tags":[29,30,28],"class_list":["post-5643","post","type-post","status-publish","format-standard","has-post-thumbnail","hentry","category-educacion-y-cultura","tag-grid","tag-news","tag-slider"],"_links":{"self":[{"href":"http:\/\/elobservatorio.com.mx\/index.php?rest_route=\/wp\/v2\/posts\/5643"}],"collection":[{"href":"http:\/\/elobservatorio.com.mx\/index.php?rest_route=\/wp\/v2\/posts"}],"about":[{"href":"http:\/\/elobservatorio.com.mx\/index.php?rest_route=\/wp\/v2\/types\/post"}],"author":[{"embeddable":true,"href":"http:\/\/elobservatorio.com.mx\/index.php?rest_route=\/wp\/v2\/users\/2"}],"replies":[{"embeddable":true,"href":"http:\/\/elobservatorio.com.mx\/index.php?rest_route=%2Fwp%2Fv2%2Fcomments&post=5643"}],"version-history":[{"count":0,"href":"http:\/\/elobservatorio.com.mx\/index.php?rest_route=\/wp\/v2\/posts\/5643\/revisions"}],"wp:featuredmedia":[{"embeddable":true,"href":"http:\/\/elobservatorio.com.mx\/index.php?rest_route=\/wp\/v2\/media\/5644"}],"wp:attachment":[{"href":"http:\/\/elobservatorio.com.mx\/index.php?rest_route=%2Fwp%2Fv2%2Fmedia&parent=5643"}],"wp:term":[{"taxonomy":"category","embeddable":true,"href":"http:\/\/elobservatorio.com.mx\/index.php?rest_route=%2Fwp%2Fv2%2Fcategories&post=5643"},{"taxonomy":"post_tag","embeddable":true,"href":"http:\/\/elobservatorio.com.mx\/index.php?rest_route=%2Fwp%2Fv2%2Ftags&post=5643"}],"curies":[{"name":"wp","href":"https:\/\/api.w.org\/{rel}","templated":true}]}}