{"id":5646,"date":"2019-06-20T00:52:23","date_gmt":"2019-06-20T00:52:23","guid":{"rendered":"http:\/\/elobservatorio.com.mx\/el-viernes-sera-el-dia-mas-largo-del-ano"},"modified":"2019-06-20T00:52:23","modified_gmt":"2019-06-20T00:52:23","slug":"el-viernes-sera-el-dia-mas-largo-del-ano","status":"publish","type":"post","link":"http:\/\/elobservatorio.com.mx\/?p=5646","title":{"rendered":"El viernes ser\u00e1 el d\u00eda m\u00e1s largo del a\u00f1o"},"content":{"rendered":"<p><em>*Iniciar\u00e1 el solsticio de verano y la luz del Sol durar\u00e1 13 horas y 23 minutos, aproximadamente.<\/em><\/p>\n<p>Alfredo Quiles Cabrera<\/p>\n<p>El viernes 21 de junio iniciar\u00e1 el solsticio de verano y ser\u00e1 el d\u00eda m\u00e1s largo del a\u00f1o, ya que la luz del Sol durar\u00e1 13 horas y 23 minutos, aproximadamente.<\/p>\n<p>El Observatorio Astron\u00f3mico Nacional de la UNAMN expuso que el solsticio de verano iniciar\u00e1 en punto de las 10:55 horas del pr\u00f3ximo viernes 21, momento en el que el Sol tendr\u00e1 su mayor desplazamiento hacia el norte de la Tierra.<\/p>\n<p>Sin embargo, ese mismo d\u00eda el astro rey saldr\u00e1 desde las 6:14 horas y se ocultar\u00e1 o antepondr\u00e1 a las 19:27 horas, por lo que tambi\u00e9n ser\u00e1 el d\u00eda m\u00e1s largo del a\u00f1o.<\/p>\n<p>De igual forma, indic\u00f3 que otro fen\u00f3meno astron\u00f3mico cercano se registrar\u00e1 el pr\u00f3ximo 4 de julio, d\u00eda en que la tierra estar\u00e1 en su punto m\u00e1s lejano de la \u00f3rbita Sol, fen\u00f3meno que se le conoce como \u201cafelio\u201d.<\/p>\n<p>La distancia promedio entre la Tierra y el Sol es de 150 millones de kil\u00f3metros y ese d\u00eda, el 4 de julio, nuestra planeta se ubicar\u00e1 a unos 152 millones de kil\u00f3metros de la \u00f3rbita del astro, o sea se registrar\u00e1 su punto m\u00e1s lejano y su contraparte se conocer como el perihelio, que el punto m\u00e1s cercano de la Tierra al Sol.<\/p>\n<p>Adem\u00e1s, el pr\u00f3ximo 9 de julio, el planeta Saturno estar\u00e1 100 por ciento iluminado, motivo por el cual su magnitud ser\u00e1 m\u00e1s notable con respecto a otros d\u00edas, subray\u00f3.<\/p>\n<p>Ese d\u00eda Saturno estar\u00e1 ubicado en la llamada &#8216;constelaci\u00f3n de Sagitario&#8217;, que es una constelaci\u00f3n muy frecuentada por los aficionados a la astronom\u00eda, ya que en ella se encuentran gran cantidad de objetos de cielo profundo. Ser\u00e1 uno de los planetas m\u00e1s brillantes de la b\u00f3veda celeste.<\/p>\n","protected":false},"excerpt":{"rendered":"<p>*Iniciar\u00e1 el solsticio de verano y la luz del Sol durar\u00e1 13 horas y 23 minutos, aproximadamente. Alfredo Quiles Cabrera El viernes 21 de junio iniciar\u00e1 el solsticio de verano y ser\u00e1 el d\u00eda m\u00e1s largo del a\u00f1o, ya que la luz del Sol durar\u00e1 13 horas y 23 minutos, aproximadamente. El Observatorio Astron\u00f3mico Nacional&#8230;<\/p>\n","protected":false},"author":2,"featured_media":5647,"comment_status":"open","ping_status":"open","sticky":false,"template":"","format":"standard","meta":{"footnotes":""},"categories":[31],"tags":[29,30,28],"class_list":["post-5646","post","type-post","status-publish","format-standard","has-post-thumbnail","hentry","category-ciencia-y-tecnologia","tag-grid","tag-news","tag-slider"],"_links":{"self":[{"href":"http:\/\/elobservatorio.com.mx\/index.php?rest_route=\/wp\/v2\/posts\/5646"}],"collection":[{"href":"http:\/\/elobservatorio.com.mx\/index.php?rest_route=\/wp\/v2\/posts"}],"about":[{"href":"http:\/\/elobservatorio.com.mx\/index.php?rest_route=\/wp\/v2\/types\/post"}],"author":[{"embeddable":true,"href":"http:\/\/elobservatorio.com.mx\/index.php?rest_route=\/wp\/v2\/users\/2"}],"replies":[{"embeddable":true,"href":"http:\/\/elobservatorio.com.mx\/index.php?rest_route=%2Fwp%2Fv2%2Fcomments&post=5646"}],"version-history":[{"count":0,"href":"http:\/\/elobservatorio.com.mx\/index.php?rest_route=\/wp\/v2\/posts\/5646\/revisions"}],"wp:featuredmedia":[{"embeddable":true,"href":"http:\/\/elobservatorio.com.mx\/index.php?rest_route=\/wp\/v2\/media\/5647"}],"wp:attachment":[{"href":"http:\/\/elobservatorio.com.mx\/index.php?rest_route=%2Fwp%2Fv2%2Fmedia&parent=5646"}],"wp:term":[{"taxonomy":"category","embeddable":true,"href":"http:\/\/elobservatorio.com.mx\/index.php?rest_route=%2Fwp%2Fv2%2Fcategories&post=5646"},{"taxonomy":"post_tag","embeddable":true,"href":"http:\/\/elobservatorio.com.mx\/index.php?rest_route=%2Fwp%2Fv2%2Ftags&post=5646"}],"curies":[{"name":"wp","href":"https:\/\/api.w.org\/{rel}","templated":true}]}}