{"id":5696,"date":"2019-06-20T22:01:36","date_gmt":"2019-06-20T22:01:36","guid":{"rendered":"http:\/\/elobservatorio.com.mx\/incendio-en-seidur-no-afecto-documento-alguno"},"modified":"2019-06-20T22:01:36","modified_gmt":"2019-06-20T22:01:36","slug":"incendio-en-seidur-no-afecto-documento-alguno","status":"publish","type":"post","link":"http:\/\/elobservatorio.com.mx\/?p=5696","title":{"rendered":"Incendio en Seidur no afect\u00f3 documento alguno"},"content":{"rendered":"<p class=\"x_MsoNormal\"><em>*S\u00f3lo se da\u00f1\u00f3 la red el\u00e9ctrica\u00a0<\/em><\/p>\n<p class=\"x_MsoNormal\">La Secretar\u00eda de Infraestructura y Desarrollo Urbano (Seidur) informa que la madrugada de este jueves, se present\u00f3 en el \u00e1rea de servidores y Telefon\u00eda de la dependencia, un incendio que solo caus\u00f3 da\u00f1os materiales.<\/p>\n<p class=\"x_MsoNormal\">\u00a0Por lo anterior, el titular de la Seidur, Jos\u00e9 de Jes\u00fas S\u00e1nchez Romo, precis\u00f3 que lo \u00fanico da\u00f1ado fue parte de la red el\u00e9ctrica que albergaba al sistema de redes de la dependencia, puntualizando que no se puso en riesgo la integridad f\u00edsica de ning\u00fan trabajador, as\u00ed como el que ninguno de los documentos de esta dependencia.<\/p>\n<p class=\"x_MsoNormal\">Por lo anterior, y por la falta de la energ\u00eda el\u00e9ctrica, se tom\u00f3 la decisi\u00f3n que este mismo jueves, la dependencia ubicada sobre la avenida Camino Real en el municipio de Colima, suspendiera labores y los servicios de tr\u00e1mites.<\/p>\n<p class=\"x_MsoNormal\">Finalmente, S\u00e1nchez Romo explic\u00f3 que, en coordinaci\u00f3n con la Unidad Estatal de Protecci\u00f3n Civil, se estar\u00e1 revisando las posibles causas del siniestro que inici\u00f3 aproximadamente a las 5:30 horas.<\/p>\n","protected":false},"excerpt":{"rendered":"<p>*S\u00f3lo se da\u00f1\u00f3 la red el\u00e9ctrica\u00a0 La Secretar\u00eda de Infraestructura y Desarrollo Urbano (Seidur) informa que la madrugada de este jueves, se present\u00f3 en el \u00e1rea de servidores y Telefon\u00eda de la dependencia, un incendio que solo caus\u00f3 da\u00f1os materiales. \u00a0Por lo anterior, el titular de la Seidur, Jos\u00e9 de Jes\u00fas S\u00e1nchez Romo, precis\u00f3 que&#8230;<\/p>\n","protected":false},"author":2,"featured_media":5697,"comment_status":"open","ping_status":"open","sticky":false,"template":"","format":"standard","meta":{"footnotes":""},"categories":[16],"tags":[29,30,28],"class_list":["post-5696","post","type-post","status-publish","format-standard","has-post-thumbnail","hentry","category-gobierno","tag-grid","tag-news","tag-slider"],"_links":{"self":[{"href":"http:\/\/elobservatorio.com.mx\/index.php?rest_route=\/wp\/v2\/posts\/5696"}],"collection":[{"href":"http:\/\/elobservatorio.com.mx\/index.php?rest_route=\/wp\/v2\/posts"}],"about":[{"href":"http:\/\/elobservatorio.com.mx\/index.php?rest_route=\/wp\/v2\/types\/post"}],"author":[{"embeddable":true,"href":"http:\/\/elobservatorio.com.mx\/index.php?rest_route=\/wp\/v2\/users\/2"}],"replies":[{"embeddable":true,"href":"http:\/\/elobservatorio.com.mx\/index.php?rest_route=%2Fwp%2Fv2%2Fcomments&post=5696"}],"version-history":[{"count":0,"href":"http:\/\/elobservatorio.com.mx\/index.php?rest_route=\/wp\/v2\/posts\/5696\/revisions"}],"wp:featuredmedia":[{"embeddable":true,"href":"http:\/\/elobservatorio.com.mx\/index.php?rest_route=\/wp\/v2\/media\/5697"}],"wp:attachment":[{"href":"http:\/\/elobservatorio.com.mx\/index.php?rest_route=%2Fwp%2Fv2%2Fmedia&parent=5696"}],"wp:term":[{"taxonomy":"category","embeddable":true,"href":"http:\/\/elobservatorio.com.mx\/index.php?rest_route=%2Fwp%2Fv2%2Fcategories&post=5696"},{"taxonomy":"post_tag","embeddable":true,"href":"http:\/\/elobservatorio.com.mx\/index.php?rest_route=%2Fwp%2Fv2%2Ftags&post=5696"}],"curies":[{"name":"wp","href":"https:\/\/api.w.org\/{rel}","templated":true}]}}