{"id":573,"date":"2018-11-26T19:25:11","date_gmt":"2018-11-26T19:25:11","guid":{"rendered":"http:\/\/elobservatorio.com.mx\/cateo-permite-detenciones-y-aseguramiento-de-droga"},"modified":"2018-11-26T19:25:11","modified_gmt":"2018-11-26T19:25:11","slug":"cateo-permite-detenciones-y-aseguramiento-de-droga","status":"publish","type":"post","link":"http:\/\/elobservatorio.com.mx\/?p=573","title":{"rendered":"Cateo permite detenciones  y aseguramiento de droga"},"content":{"rendered":"<p><em>*Tambi\u00e9n se incaut\u00f3 un veh\u00edculo y dinero mexicano y extranjero. <\/em><\/p>\n<p>Con el apoyo de instituciones que en Colima conforman el Programa de Operaciones Interinstitucionales para los 50 municipios de Atenci\u00f3n Prioritaria, el Ministerio P\u00fablico logr\u00f3 el aseguramiento de una cantidad importante de droga en un domicilio de la poblaci\u00f3n de Santiago, en Manzanillo.<\/p>\n<p>Mediante la ejecuci\u00f3n de una orden de cateo a un inmueble de la Colonia Valle Para\u00edso, el representante social llev\u00f3 a cabo la detenci\u00f3n de dos personas y el aseguramiento de dinero en efectivo, tanto moneda nacional como extranjera, as\u00ed como de un veh\u00edculo compacto con placas del Estado de Jalisco.<\/p>\n<p>Luego de esta intervenci\u00f3n ordenada por el juez, las personas detenidas y la droga asegurada fueron puestas a disposici\u00f3n del Ministerio P\u00fablico Federal, para que en el \u00e1mbito de su competencia proceda conforme a lo que establece la ley, en tanto el resto de las evidencias y el inmueble quedaron bajo resguardo del Ministerio P\u00fablico del fuero com\u00fan.<\/p>\n<p>Este tipo de acciones surgen de las investigaciones que en Colima lleva a cabo la Fiscal\u00eda General del Estado, con el objetivo de combatir y esclarecer los delitos, adem\u00e1s de llevar ante la justicia a quienes los cometen, con el objetivo de lograr para ellos las sanciones establecidas en el C\u00f3digo Penal.<\/p>\n<p>Para lograr lo anterior, es fundamental la colaboraci\u00f3n de la sociedad a trav\u00e9s de sus denuncias an\u00f3nimas a la l\u00ednea 089 y el reporte de las emergencias al 911, por ello se sigue exhortando a la poblaci\u00f3n a que las realice y coadyuve en este esfuerzo conjunto de la sociedad y el gobierno.<\/p>\n<p>&nbsp;<\/p>\n","protected":false},"excerpt":{"rendered":"<p>*Tambi\u00e9n se incaut\u00f3 un veh\u00edculo y dinero mexicano y extranjero. Con el apoyo de instituciones que en Colima conforman el Programa de Operaciones Interinstitucionales para los 50 municipios de Atenci\u00f3n Prioritaria, el Ministerio P\u00fablico logr\u00f3 el aseguramiento de una cantidad importante de droga en un domicilio de la poblaci\u00f3n de Santiago, en Manzanillo. Mediante la&#8230;<\/p>\n","protected":false},"author":2,"featured_media":574,"comment_status":"open","ping_status":"open","sticky":false,"template":"","format":"standard","meta":{"footnotes":""},"categories":[15],"tags":[29,30,28],"class_list":["post-573","post","type-post","status-publish","format-standard","has-post-thumbnail","hentry","category-seguridad-y-justicia","tag-grid","tag-news","tag-slider"],"_links":{"self":[{"href":"http:\/\/elobservatorio.com.mx\/index.php?rest_route=\/wp\/v2\/posts\/573"}],"collection":[{"href":"http:\/\/elobservatorio.com.mx\/index.php?rest_route=\/wp\/v2\/posts"}],"about":[{"href":"http:\/\/elobservatorio.com.mx\/index.php?rest_route=\/wp\/v2\/types\/post"}],"author":[{"embeddable":true,"href":"http:\/\/elobservatorio.com.mx\/index.php?rest_route=\/wp\/v2\/users\/2"}],"replies":[{"embeddable":true,"href":"http:\/\/elobservatorio.com.mx\/index.php?rest_route=%2Fwp%2Fv2%2Fcomments&post=573"}],"version-history":[{"count":0,"href":"http:\/\/elobservatorio.com.mx\/index.php?rest_route=\/wp\/v2\/posts\/573\/revisions"}],"wp:featuredmedia":[{"embeddable":true,"href":"http:\/\/elobservatorio.com.mx\/index.php?rest_route=\/wp\/v2\/media\/574"}],"wp:attachment":[{"href":"http:\/\/elobservatorio.com.mx\/index.php?rest_route=%2Fwp%2Fv2%2Fmedia&parent=573"}],"wp:term":[{"taxonomy":"category","embeddable":true,"href":"http:\/\/elobservatorio.com.mx\/index.php?rest_route=%2Fwp%2Fv2%2Fcategories&post=573"},{"taxonomy":"post_tag","embeddable":true,"href":"http:\/\/elobservatorio.com.mx\/index.php?rest_route=%2Fwp%2Fv2%2Ftags&post=573"}],"curies":[{"name":"wp","href":"https:\/\/api.w.org\/{rel}","templated":true}]}}