{"id":5784,"date":"2019-06-26T02:58:07","date_gmt":"2019-06-26T02:58:07","guid":{"rendered":"http:\/\/elobservatorio.com.mx\/se-desarrolla-tormenta-tropical-frente-a-la-costa-de-michoacan-afectara-a-colima"},"modified":"2019-06-26T03:24:26","modified_gmt":"2019-06-26T03:24:26","slug":"se-desarrolla-tormenta-tropical-frente-a-la-costa-de-michoacan-afectara-a-colima","status":"publish","type":"post","link":"http:\/\/elobservatorio.com.mx\/?p=5784","title":{"rendered":"Se desarrolla tormenta tropical frente a la costa de Michoac\u00e1n; afectar\u00e1 a Colima"},"content":{"rendered":"<p><em>*Emite el Servicio Meteorol\u00f3gico Nacional alertan =Provocar\u00e1 lluvias puntuales intensas en Michoac\u00e1n, Guerrero y Oaxaca; muy fuertes en Morelos y Estado de M\u00e9xico; y fuertes en Jalisco y Colima<\/em><\/p>\n<p>Alfredo Quiles Cabrera<\/p>\n<p>El Servicio Meteorol\u00f3gico Nacional (SMN) alert\u00f3 a los estados de Michoac\u00e1n, Colima y Jalisco sobre una zona de inestabilidad que se localiza al sur de las costas de Michoac\u00e1n que increment\u00f3 a 70 por ciento su probabilidad de desarrollo cicl\u00f3nico en las pr\u00f3ximas 48 horas.<\/p>\n<p>Inform\u00f3 el Servicio Meteorol\u00f3gico Nacional (SMN) indic\u00f3 que a la 01:00 horas (06:00 GMT) de este martes, el centro del sistema se ubicaba a 465 kil\u00f3metros al sur de las costas de L\u00e1zaro C\u00e1rdenas, Michoac\u00e1n.<\/p>\n<p>Su desplazamiento actual es hacia el oeste-noroeste con vientos m\u00e1ximos sostenidos de 35 km\/h y rachas de 45 km\/h.<\/p>\n<p>El SMN apunt\u00f3 que los desprendimientos nubosos del meteoro originar\u00e1n lluvias puntuales intensas en Michoac\u00e1n, Guerrero y Oaxaca; muy fuertes en Morelos y Estado de M\u00e9xico; \u201cy fuertes en Jalisco y Colima\u201d.<\/p>\n<p>El organismo recomend\u00f3 a la poblaci\u00f3n en general extremar precauciones en las zonas de los estados mencionados por lluvias, viento y oleaje (incluyendo la navegaci\u00f3n mar\u00edtima) y atender las recomendaciones emitidas por las autoridades del Sistema Nacional de Protecci\u00f3n Civil, en cada entidad.<\/p>\n","protected":false},"excerpt":{"rendered":"<p>*Emite el Servicio Meteorol\u00f3gico Nacional alertan =Provocar\u00e1 lluvias puntuales intensas en Michoac\u00e1n, Guerrero y Oaxaca; muy fuertes en Morelos y Estado de M\u00e9xico; y fuertes en Jalisco y Colima Alfredo Quiles Cabrera El Servicio Meteorol\u00f3gico Nacional (SMN) alert\u00f3 a los estados de Michoac\u00e1n, Colima y Jalisco sobre una zona de inestabilidad que se localiza al&#8230;<\/p>\n","protected":false},"author":2,"featured_media":5785,"comment_status":"open","ping_status":"open","sticky":false,"template":"","format":"standard","meta":{"footnotes":""},"categories":[18],"tags":[29,30,28],"class_list":["post-5784","post","type-post","status-publish","format-standard","has-post-thumbnail","hentry","category-region","tag-grid","tag-news","tag-slider"],"_links":{"self":[{"href":"http:\/\/elobservatorio.com.mx\/index.php?rest_route=\/wp\/v2\/posts\/5784"}],"collection":[{"href":"http:\/\/elobservatorio.com.mx\/index.php?rest_route=\/wp\/v2\/posts"}],"about":[{"href":"http:\/\/elobservatorio.com.mx\/index.php?rest_route=\/wp\/v2\/types\/post"}],"author":[{"embeddable":true,"href":"http:\/\/elobservatorio.com.mx\/index.php?rest_route=\/wp\/v2\/users\/2"}],"replies":[{"embeddable":true,"href":"http:\/\/elobservatorio.com.mx\/index.php?rest_route=%2Fwp%2Fv2%2Fcomments&post=5784"}],"version-history":[{"count":0,"href":"http:\/\/elobservatorio.com.mx\/index.php?rest_route=\/wp\/v2\/posts\/5784\/revisions"}],"wp:featuredmedia":[{"embeddable":true,"href":"http:\/\/elobservatorio.com.mx\/index.php?rest_route=\/wp\/v2\/media\/5785"}],"wp:attachment":[{"href":"http:\/\/elobservatorio.com.mx\/index.php?rest_route=%2Fwp%2Fv2%2Fmedia&parent=5784"}],"wp:term":[{"taxonomy":"category","embeddable":true,"href":"http:\/\/elobservatorio.com.mx\/index.php?rest_route=%2Fwp%2Fv2%2Fcategories&post=5784"},{"taxonomy":"post_tag","embeddable":true,"href":"http:\/\/elobservatorio.com.mx\/index.php?rest_route=%2Fwp%2Fv2%2Ftags&post=5784"}],"curies":[{"name":"wp","href":"https:\/\/api.w.org\/{rel}","templated":true}]}}