{"id":5821,"date":"2019-06-27T01:32:09","date_gmt":"2019-06-27T01:32:09","guid":{"rendered":"http:\/\/elobservatorio.com.mx\/delega-el-gobernador-responsabilidad-en-la-copip-para-elegir-a-su-presidente-y-secretario"},"modified":"2019-06-27T01:32:09","modified_gmt":"2019-06-27T01:32:09","slug":"delega-el-gobernador-responsabilidad-en-la-copip-para-elegir-a-su-presidente-y-secretario","status":"publish","type":"post","link":"http:\/\/elobservatorio.com.mx\/?p=5821","title":{"rendered":"Delega el gobernador responsabilidad en la COPIP para elegir a su presidente y secretario"},"content":{"rendered":"<p><em>*Sin embargo, no renuncia a la facultad de sancionar los nombramientos conforme a la normatividad, pero en pleno respaldo y absoluto respeto a la decisi\u00f3n que tome el gremio period\u00edstico. =Son dos planillas las registradas =El gobernador respaldar\u00e1 la elecci\u00f3n o reelecci\u00f3n que disponga la Copip.<\/em><\/p>\n<p>El gobernador Jos\u00e9 Ignacio Peralta S\u00e1nchez deleg\u00f3 en la Comisi\u00f3n General para la Protecci\u00f3n Integral del Ejercicio Period\u00edstico (Copip) la responsabilidad de elegir o reelegir al presidente y secretario ejecutivo de dicha instancia defensora del gremio period\u00edstico.<\/p>\n<p>Este mi\u00e9rcoles se present\u00f3 ante el Congreso del Estado el coordinador de Comunicaci\u00f3n Social del Gobierno del Estado, Fernando Cruz Garc\u00eda, quien entreg\u00f3 al presidente de la COPIP, Juan Carlos Flores Carrillo, los expedientes registrados para presidir la Comisi\u00f3n General para la Protecci\u00f3n Integral del Ejercicio Period\u00edstico (Copip) y su secretar\u00eda.<\/p>\n<p>Cabe hacer menci\u00f3n que el pasado 10 de junio fue lanzada la Convocatoria del Gobierno del Estado, dirigida a las organizaciones gremiales y empresas period\u00edsticas acreditadas, as\u00ed como al ombudsman, y las y los comisionados estatales de los humanos no gubernamentales para proponer al gobernador Jos\u00e9 Ignacio Peralta S\u00e1nchez los candidatos para ocupar los cargos de Presidencia y Secretar\u00eda Ejecutiva de la Comisi\u00f3n General de Protecci\u00f3n Integral de Ejercicio Period\u00edstico (COPIP).<\/p>\n<p>Al concluir el plazo para el registro de aspirantes, el 14 de junio del a\u00f1o 2019, en las instalaciones de la Coordinaci\u00f3n General de Comunicaci\u00f3n Social se presentaron dos f\u00f3rmulas para presidente y secretario de la Copip, una de ellas encabezada por Juan Ram\u00f3n Negrete Jim\u00e9nez y Guillermo Montel\u00f3n Nava, misma que fue presentada por el Club de Reporteros de Colima que coordina Alfredo Quiles.<\/p>\n<p>Otra planilla fue la encabezada por los actuales comisionados ciudadanos de la Copip; Francisco Buenrostro y Arnoldo Delgadillo.<\/p>\n<p>Una vez cumplido el plazo y habi\u00e9ndose registrado las planillas, el mandatario deber\u00eda haber revisado las propuestas y definir los nombramientos.<\/p>\n<p>Sin embargo, este mi\u00e9rcoles se present\u00f3 el Coordinador General de Comunicaci\u00f3n Social del Gobierno del Estado, Fernando Cruz Garc\u00eda, para entregar al presidente de la Copip Juan Carlos Flores los expedientes recibidos de los comunicadores que aspiran a presidir dicha instancia.<\/p>\n<p>De acuerdo a lo entregado, el gobernador Ignacio Peralta S\u00e1nchez deleg\u00f3 a la Copip la decisi\u00f3n de definir un m\u00e9todo para elegir o reelegir al presidente y al secretario \u201cy solicita respetuosamente a la Copip que pueda definir a la brevedad una propuesta \u00fanica de presidente y secretario ejecutivo bajo el mecanismo que consideren m\u00e1s conveniente\u201d.<\/p>\n<p>Dicha propuesta \u00fanica, contin\u00faa el oficio, ser\u00e1 respaldada por el gobernador y en consecuencia proceder\u00e1 a las designaciones sin renunciar a la facultad que tiene conforme a la normatividad, pero en pleno respaldo y absoluto respeto a la decisi\u00f3n que tome el gremio period\u00edstico.<\/p>\n","protected":false},"excerpt":{"rendered":"<p>*Sin embargo, no renuncia a la facultad de sancionar los nombramientos conforme a la normatividad, pero en pleno respaldo y absoluto respeto a la decisi\u00f3n que tome el gremio period\u00edstico. =Son dos planillas las registradas =El gobernador respaldar\u00e1 la elecci\u00f3n o reelecci\u00f3n que disponga la Copip. El gobernador Jos\u00e9 Ignacio Peralta S\u00e1nchez deleg\u00f3 en la&#8230;<\/p>\n","protected":false},"author":2,"featured_media":5822,"comment_status":"open","ping_status":"open","sticky":false,"template":"","format":"standard","meta":{"footnotes":""},"categories":[16],"tags":[29,30,28],"class_list":["post-5821","post","type-post","status-publish","format-standard","has-post-thumbnail","hentry","category-gobierno","tag-grid","tag-news","tag-slider"],"_links":{"self":[{"href":"http:\/\/elobservatorio.com.mx\/index.php?rest_route=\/wp\/v2\/posts\/5821"}],"collection":[{"href":"http:\/\/elobservatorio.com.mx\/index.php?rest_route=\/wp\/v2\/posts"}],"about":[{"href":"http:\/\/elobservatorio.com.mx\/index.php?rest_route=\/wp\/v2\/types\/post"}],"author":[{"embeddable":true,"href":"http:\/\/elobservatorio.com.mx\/index.php?rest_route=\/wp\/v2\/users\/2"}],"replies":[{"embeddable":true,"href":"http:\/\/elobservatorio.com.mx\/index.php?rest_route=%2Fwp%2Fv2%2Fcomments&post=5821"}],"version-history":[{"count":0,"href":"http:\/\/elobservatorio.com.mx\/index.php?rest_route=\/wp\/v2\/posts\/5821\/revisions"}],"wp:featuredmedia":[{"embeddable":true,"href":"http:\/\/elobservatorio.com.mx\/index.php?rest_route=\/wp\/v2\/media\/5822"}],"wp:attachment":[{"href":"http:\/\/elobservatorio.com.mx\/index.php?rest_route=%2Fwp%2Fv2%2Fmedia&parent=5821"}],"wp:term":[{"taxonomy":"category","embeddable":true,"href":"http:\/\/elobservatorio.com.mx\/index.php?rest_route=%2Fwp%2Fv2%2Fcategories&post=5821"},{"taxonomy":"post_tag","embeddable":true,"href":"http:\/\/elobservatorio.com.mx\/index.php?rest_route=%2Fwp%2Fv2%2Ftags&post=5821"}],"curies":[{"name":"wp","href":"https:\/\/api.w.org\/{rel}","templated":true}]}}