{"id":5833,"date":"2019-06-27T03:22:37","date_gmt":"2019-06-27T03:22:37","guid":{"rendered":"http:\/\/elobservatorio.com.mx\/embarazo-planeado-y-control-prenatal-previenen-ceguera-y-sordera-en-hijos"},"modified":"2019-06-27T03:22:37","modified_gmt":"2019-06-27T03:22:37","slug":"embarazo-planeado-y-control-prenatal-previenen-ceguera-y-sordera-en-hijos","status":"publish","type":"post","link":"http:\/\/elobservatorio.com.mx\/?p=5833","title":{"rendered":"Embarazo planeado y control prenatal previenen ceguera y sordera en hijos"},"content":{"rendered":"<p class=\"x_MsoNormal\">La Secretar\u00eda de Salud y Bienestar Social del Gobierno del Estado informa que es importante que la mujer tenga un embarazo planeado o lleve su control prenatal en las unidades de salud, con el objetivo de prevenir malformaciones o problemas de la vista y de la audici\u00f3n en sus hijos, que puedan limitar su desarrollo.<\/p>\n<p class=\"x_MsoNormal\">Por ello, recomienda a las mujeres que se van a embarazar, iniciar tres o seis meses antes una adecuada alimentaci\u00f3n y tomar \u00e1cido f\u00f3lico para que el tubo neural se empiece a formar desde antes del embarazo y, as\u00ed, fortalecer el organismo para que el embri\u00f3n se desarrolle en forma normal.<\/p>\n<p class=\"x_MsoNormal\">La especialista en desarrollo infantil y estimulaci\u00f3n temprana, Silvia Lima Ojeda, indic\u00f3 que la Secretar\u00eda de Salud cuenta con un programa espec\u00edfico para evitar los embarazos no deseados y para llevar el control de las madres durante el embarazo.<\/p>\n<p class=\"x_MsoNormal\">\u00a0Al hablar sobre la prevenci\u00f3n y la atenci\u00f3n de los problemas de la audici\u00f3n y de la vista en las personas, expuso que hay que tomarse en cuenta la edad de la embarazada y los factores de herencia de cada padre o madre, ya que existen enfermedades autos\u00f3micas recesivas que tienden a generar estas afectaciones.<\/p>\n<p class=\"x_MsoNormal\">De esta manera, aquellas madres adolescentes o muy adultas que no tienen una adecuada alimentaci\u00f3n durante el embarazo tienen la misma probabilidad de que su hijo pueda nacer con alguna malformaci\u00f3n o un problema de prematurez.<\/p>\n<p class=\"x_MsoNormal\">Asimismo, si la mujer cursa presi\u00f3n arterial alta, condicionada por el embarazo, el beb\u00e9 puede ser prematuro y tener problemas de la vista y de la audici\u00f3n al nacimiento. Lo mismo puede suceder con las madres con diabetes y las que presentan esta enfermedad durante el embarazo.<\/p>\n<p class=\"x_MsoNormal\">Indic\u00f3 que el tratamiento es integral, toda vez que despu\u00e9s viene una evaluaci\u00f3n por parte de psic\u00f3logos, nutri\u00f3logos y m\u00e9dicos en rehabilitaci\u00f3n y de comunicaci\u00f3n humana, para proporcionar terapia f\u00edsica o lo que indique el m\u00e9dico, as\u00ed como la estimulaci\u00f3n de niveles prefon\u00e9ticos para el desarrollo.<\/p>\n<p class=\"x_MsoNormal\">Si hay una lesi\u00f3n a nivel visual y\/o auditiva, el paciente es derivado al oftalm\u00f3logo o neuoropediatra, a fin de iniciar una terapia que permita mejorar la condici\u00f3n del paciente, dependiendo del diagn\u00f3stico u origen de este mismo, ya que la patolog\u00eda visual y auditiva llamada s\u00edndrome de Usher, es degenerativo.<\/p>\n<p class=\"x_MsoNormal\">No obstante, en la parte auditiva se dan auxiliares auditivos y un sistema de comunicaci\u00f3n; mientras que en la vista se tiene que observar qu\u00e9 tipo de discapacidad visual tiene para indicar el sistema Braile o el uso de bast\u00f3n, adem\u00e1s de la ense\u00f1anza que se le dar\u00e1 a la familia<\/p>\n","protected":false},"excerpt":{"rendered":"<p>La Secretar\u00eda de Salud y Bienestar Social del Gobierno del Estado informa que es importante que la mujer tenga un embarazo planeado o lleve su control prenatal en las unidades de salud, con el objetivo de prevenir malformaciones o problemas de la vista y de la audici\u00f3n en sus hijos, que puedan limitar su desarrollo&#8230;.<\/p>\n","protected":false},"author":2,"featured_media":5834,"comment_status":"open","ping_status":"open","sticky":false,"template":"","format":"standard","meta":{"footnotes":""},"categories":[9],"tags":[29,30,28],"class_list":["post-5833","post","type-post","status-publish","format-standard","has-post-thumbnail","hentry","category-agro-y-salud","tag-grid","tag-news","tag-slider"],"_links":{"self":[{"href":"http:\/\/elobservatorio.com.mx\/index.php?rest_route=\/wp\/v2\/posts\/5833"}],"collection":[{"href":"http:\/\/elobservatorio.com.mx\/index.php?rest_route=\/wp\/v2\/posts"}],"about":[{"href":"http:\/\/elobservatorio.com.mx\/index.php?rest_route=\/wp\/v2\/types\/post"}],"author":[{"embeddable":true,"href":"http:\/\/elobservatorio.com.mx\/index.php?rest_route=\/wp\/v2\/users\/2"}],"replies":[{"embeddable":true,"href":"http:\/\/elobservatorio.com.mx\/index.php?rest_route=%2Fwp%2Fv2%2Fcomments&post=5833"}],"version-history":[{"count":0,"href":"http:\/\/elobservatorio.com.mx\/index.php?rest_route=\/wp\/v2\/posts\/5833\/revisions"}],"wp:featuredmedia":[{"embeddable":true,"href":"http:\/\/elobservatorio.com.mx\/index.php?rest_route=\/wp\/v2\/media\/5834"}],"wp:attachment":[{"href":"http:\/\/elobservatorio.com.mx\/index.php?rest_route=%2Fwp%2Fv2%2Fmedia&parent=5833"}],"wp:term":[{"taxonomy":"category","embeddable":true,"href":"http:\/\/elobservatorio.com.mx\/index.php?rest_route=%2Fwp%2Fv2%2Fcategories&post=5833"},{"taxonomy":"post_tag","embeddable":true,"href":"http:\/\/elobservatorio.com.mx\/index.php?rest_route=%2Fwp%2Fv2%2Ftags&post=5833"}],"curies":[{"name":"wp","href":"https:\/\/api.w.org\/{rel}","templated":true}]}}