{"id":5837,"date":"2019-06-27T03:41:48","date_gmt":"2019-06-27T03:41:48","guid":{"rendered":"http:\/\/elobservatorio.com.mx\/vinculan-a-proceso-a-quienes-dispararon-contra-una-mujer"},"modified":"2019-06-27T03:41:48","modified_gmt":"2019-06-27T03:41:48","slug":"vinculan-a-proceso-a-quienes-dispararon-contra-una-mujer","status":"publish","type":"post","link":"http:\/\/elobservatorio.com.mx\/?p=5837","title":{"rendered":"Vinculan a proceso a quienes dispararon contra una mujer"},"content":{"rendered":"<p><em>*Hechos ocurridos a inicios de junio en la colonia Real del Siete.<\/em><\/p>\n<p>Dos hombres de 22 y 24 a\u00f1os de edad, respectivamente, fueron vinculados a proceso por haber disparado con arma de fuego a una mujer, en hechos ocurridos a principios del mes de junio en la colonia Real del Siete, de la Ciudad de Villa de \u00c1lvarez.<\/p>\n<p>De acuerdo con lo establecido en la Carpeta de Investigaci\u00f3n, los imputados llegaron al domicilio de la v\u00edctima y le dispararon, pero cuando intentaban huir a bordo de una motocicleta, fueron detenidos por la polic\u00eda y puestos a disposici\u00f3n del Ministerio P\u00fablico.<\/p>\n<p>Por lo anterior, en las respectivas audiencias de vinculaci\u00f3n a proceso, el juez adem\u00e1s de calificar de legal la detenci\u00f3n, decret\u00f3 como medida cautelar la prisi\u00f3n preventiva oficiosa que permiti\u00f3 enviar a estas personas al Cereso de Colima, en tanto concluye la investigaci\u00f3n.<\/p>\n<p>De esta manera la Fiscal\u00eda General del Estado trabaja en el objetivo de evitar la impunidad, logrando que quienes son imputados de delitos cometidos en el Estado, sean llevados ante la justicia para que reciban la sanci\u00f3n correspondiente, una vez acreditada su responsabilidad.<\/p>\n<p>En las tareas que llevan a cabo las autoridades en materia de seguridad y procuraci\u00f3n de justicia, es importante la colaboraci\u00f3n de la sociedad a trav\u00e9s de sus denuncias an\u00f3nimas, por ello se sigue exhortando a realizarlas a la l\u00ednea 089 y el reporte de las emergencias al 911.<\/p>\n","protected":false},"excerpt":{"rendered":"<p>*Hechos ocurridos a inicios de junio en la colonia Real del Siete. Dos hombres de 22 y 24 a\u00f1os de edad, respectivamente, fueron vinculados a proceso por haber disparado con arma de fuego a una mujer, en hechos ocurridos a principios del mes de junio en la colonia Real del Siete, de la Ciudad de&#8230;<\/p>\n","protected":false},"author":2,"featured_media":5838,"comment_status":"open","ping_status":"open","sticky":false,"template":"","format":"standard","meta":{"footnotes":""},"categories":[15],"tags":[29,30,28],"class_list":["post-5837","post","type-post","status-publish","format-standard","has-post-thumbnail","hentry","category-seguridad-y-justicia","tag-grid","tag-news","tag-slider"],"_links":{"self":[{"href":"http:\/\/elobservatorio.com.mx\/index.php?rest_route=\/wp\/v2\/posts\/5837"}],"collection":[{"href":"http:\/\/elobservatorio.com.mx\/index.php?rest_route=\/wp\/v2\/posts"}],"about":[{"href":"http:\/\/elobservatorio.com.mx\/index.php?rest_route=\/wp\/v2\/types\/post"}],"author":[{"embeddable":true,"href":"http:\/\/elobservatorio.com.mx\/index.php?rest_route=\/wp\/v2\/users\/2"}],"replies":[{"embeddable":true,"href":"http:\/\/elobservatorio.com.mx\/index.php?rest_route=%2Fwp%2Fv2%2Fcomments&post=5837"}],"version-history":[{"count":0,"href":"http:\/\/elobservatorio.com.mx\/index.php?rest_route=\/wp\/v2\/posts\/5837\/revisions"}],"wp:featuredmedia":[{"embeddable":true,"href":"http:\/\/elobservatorio.com.mx\/index.php?rest_route=\/wp\/v2\/media\/5838"}],"wp:attachment":[{"href":"http:\/\/elobservatorio.com.mx\/index.php?rest_route=%2Fwp%2Fv2%2Fmedia&parent=5837"}],"wp:term":[{"taxonomy":"category","embeddable":true,"href":"http:\/\/elobservatorio.com.mx\/index.php?rest_route=%2Fwp%2Fv2%2Fcategories&post=5837"},{"taxonomy":"post_tag","embeddable":true,"href":"http:\/\/elobservatorio.com.mx\/index.php?rest_route=%2Fwp%2Fv2%2Ftags&post=5837"}],"curies":[{"name":"wp","href":"https:\/\/api.w.org\/{rel}","templated":true}]}}