{"id":5869,"date":"2019-07-02T19:29:52","date_gmt":"2019-07-02T19:29:52","guid":{"rendered":"http:\/\/elobservatorio.com.mx\/se-realizan-111-tecomenses-la-prueba-de-antigeno-prostatico-en-sangre"},"modified":"2019-07-02T19:29:52","modified_gmt":"2019-07-02T19:29:52","slug":"se-realizan-111-tecomenses-la-prueba-de-antigeno-prostatico-en-sangre","status":"publish","type":"post","link":"http:\/\/elobservatorio.com.mx\/?p=5869","title":{"rendered":"Se realizan 111 tecomenses la prueba de ant\u00edgeno prost\u00e1tico en sangre"},"content":{"rendered":"<p><em>*El alcalde El\u00edas Lozano participa en la prueba, para fomentar el cuidado y prevenci\u00f3n con el programa \u00abCuidando la Salud de Pap\u00e1\u00bb<\/em><\/p>\n<p>Fueron 111 tecomenses, incluyendo al presidente municipal, El\u00edas Lozano Ochoa, los que se realizaron la prueba de ant\u00edgeno prost\u00e1tico en sangre, como parte de la campa\u00f1a \u201cCuidando la Salud de Pap\u00e1\u201d, que lleva a cabo DIF Estatal Colima, a cargo de Margarita Moreno Gonz\u00e1lez, en coordinaci\u00f3n con el DIF Municipal de Tecom\u00e1n, que preside la se\u00f1ora Irma Mirella Mart\u00ednez Silva, cuya campa\u00f1a tiene como prop\u00f3sito que hombres mayores de 45 a\u00f1os prevengan el c\u00e1ncer de pr\u00f3stata a trav\u00e9s de este examen gratuito.<\/p>\n<p>El evento se llev\u00f3 a cabo este martes, en el Parque \u00abGeneral J. Jes\u00fas Gonz\u00e1lez Lugo\u00bb, en punto de las 8 de la ma\u00f1ana, donde los participantes de la campa\u00f1a se mostraron entusiastas y con disposici\u00f3n para realizarse el examen.<\/p>\n<p>En el lugar asistieron el alcalde de Tecom\u00e1n, El\u00edas Lozano Ochoa, as\u00ed como la presidenta del DIF Municipal, Irma Mirella Mart\u00ednez Silva, adem\u00e1s de la directora del DIF, Argelia L\u00f3pez Z\u00fa\u00f1iga, y el encargado de la Coordinaci\u00f3n de Servicios M\u00e9dicos del DIF Municipal, Juan Jos\u00e9 Mart\u00ednez Isabeles. En representaci\u00f3n de la presidenta del DIF Estatal Colima, Margarita Moreno Gonz\u00e1lez, estuvo presente la directora de Servicios M\u00e9dicos Asistenciales del DIF Estatal, Lourdes Vuelvas Cisneros.<\/p>\n<p>El encargado de la realizaci\u00f3n de los ex\u00e1menes prost\u00e1ticos fue Jos\u00e9 Guzm\u00e1n Nava, representante de los laboratorios Preciado Montes.<\/p>\n<p>Al hacer uso de la palabra, el presidente municipal de Tecom\u00e1n, El\u00edas Lozano Ochoa, extern\u00f3 el gusto que le ocasionaba la puesta en marcha de estos eventos que se realizan en coordinaci\u00f3n con el Gobierno del Estado y el DIF Municipal, ya que dijo que son actividades que se llevan a cabo en pro de la salud de los tecomenses.<\/p>\n<p>Mencion\u00f3 que en ocasiones, los hombres son indecisos en temas de salud, sin embargo, asever\u00f3 que es importante que est\u00e9n atentos a los chequeos m\u00e9dicos permanentes, \u201cpues m\u00e1s vale prevenir que lamentar\u201d.<\/p>\n<p>Agradeci\u00f3 la respuesta positiva de los varones tecomenses que asistieron a ser parte de esta campa\u00f1a, \u201cya que eso habla de un nivel de responsabilidad. Todos queremos vivir m\u00e1s de lo que se pueda, llegar a ver crecer a nuestros hijos, a nuestros nietos. Esto no es tiempo perdido, es tiempo invertido\u201d.<\/p>\n<p>En su intervenci\u00f3n, la directora de DIF Tecom\u00e1n, Argelia L\u00f3pez Z\u00fa\u00f1iga, asever\u00f3 que para la instituci\u00f3n es importante llevar a cabo estas campa\u00f1as de prevenci\u00f3n de salud, especialmente \u00e9sta, que se realiz\u00f3 en el marco del D\u00eda del Padre, aunque en el municipio se realiz\u00f3 en fechas posteriores al festejo.<\/p>\n<p>Asimismo, refiri\u00f3 que en ocasiones es complicado que los hombres asistan a realizarse esta prueba, por lo que reconoci\u00f3 la participaci\u00f3n de quienes optaron en cuidar su salud y prevenir esta enfermedad.<\/p>\n<p>El encargado de la Coordinaci\u00f3n de Servicios M\u00e9dicos Asistenciales, Juan Jos\u00e9 Mart\u00ednez Isabeles, dijo a los asistentes que al realizarse el examen conocer\u00e1n si son o no propensos a tener c\u00e1ncer prost\u00e1tico, que detectado a tiempo, pueden tener un adecuado tratamiento.<\/p>\n<p>En su intervenci\u00f3n, la directora de Servicios M\u00e9dicos Asistenciales del DIF Estatal Colima, Lourdes Vuelvas Cisneros, coment\u00f3 que los resultados de los ex\u00e1menes prost\u00e1ticos en sangre estar\u00e1n listos en 10 d\u00edas aproximadamente, y ser\u00e1n llevados al DIF Municipal.<\/p>\n<p>Mencion\u00f3 que en caso de que alguien resultara con ant\u00edgeno prost\u00e1tico elevado, se le dar\u00e1 una cita con el m\u00e9dico ur\u00f3logo-onc\u00f3logo, quien le dar\u00e1 seguimiento al tratamiento que debe tener, lo cual no significa que tenga c\u00e1ncer, sino que hay un factor que se debe atender.<\/p>\n<p>Los primeros en realizarse la prueba de ant\u00edgeno prost\u00e1tico en sangre fueron el alcalde El\u00edas Lozano Ochoa y el oficial del Registro Civil del Ayuntamiento de Tecom\u00e1n, Luis Alejandro Aguilar Rodr\u00edguez. Tambi\u00e9n participaron elementos de la Direcci\u00f3n de Seguridad P\u00fablica y Vialidad del Ayuntamiento de Tecom\u00e1n, as\u00ed como personal de otras \u00e1reas de la misma dependencia.<\/p>\n<p>Tambi\u00e9n acudieron trabajadores del volante, integrantes del Centro de Convivencia de Personas Adultas Mayores del DIF Municipal, comerciantes y ciudadanos del municipio que se congregaron en el sitio.<\/p>\n<p>Cabe destacar que en la Campa\u00f1a \u201cCuidando la Salud de Pap\u00e1\u201d, el DIF Estatal Colima ofreci\u00f3 80 pruebas de ant\u00edgeno prost\u00e1tico en sangre gratuitas para el municipio, sin embargo, el gasto de los 31 ex\u00e1menes m\u00e1s que se realizaron, fue absorbido por el DIF Tecom\u00e1n.<\/p>\n<p>El costo aproximado de estas pruebas en centros de diagn\u00f3stico particulares es de 600 pesos, por lo que esta campa\u00f1a signific\u00f3 un ahorro a la econom\u00eda de los varones mayores de 45 a\u00f1os de edad del municipio que se sumaron a esta Campa\u00f1a.<\/p>\n<p>A la par de este evento, en el mismo parque \u00abGenera J. Jes\u00fas Gonz\u00e1lez Lugo\u00bb, el DIF Municipal ofreci\u00f3 a la poblaci\u00f3n en general el servicio de lentes de graduaci\u00f3n a bajo costo y el examen de la vista gratuito, el cual tuvo una respuesta positiva de las personas.<\/p>\n<p>Con estas acciones, el DIF Tecom\u00e1n, en coordinaci\u00f3n con el DIF Estatal Colima, contin\u00faan generando m\u00e1s oportunidades de bienestar, para que las familias del municipio y el estado tengan una mejor calidad de vida.<br \/>\nMartes 02 de julio de 2019; Tecom\u00e1n, Colima.<\/p>\n","protected":false},"excerpt":{"rendered":"<p>*El alcalde El\u00edas Lozano participa en la prueba, para fomentar el cuidado y prevenci\u00f3n con el programa \u00abCuidando la Salud de Pap\u00e1\u00bb Fueron 111 tecomenses, incluyendo al presidente municipal, El\u00edas Lozano Ochoa, los que se realizaron la prueba de ant\u00edgeno prost\u00e1tico en sangre, como parte de la campa\u00f1a \u201cCuidando la Salud de Pap\u00e1\u201d, que lleva&#8230;<\/p>\n","protected":false},"author":2,"featured_media":5870,"comment_status":"open","ping_status":"open","sticky":false,"template":"","format":"standard","meta":{"footnotes":""},"categories":[8,34],"tags":[29,30,28],"class_list":["post-5869","post","type-post","status-publish","format-standard","has-post-thumbnail","hentry","category-municipios","category-tecoman","tag-grid","tag-news","tag-slider"],"_links":{"self":[{"href":"http:\/\/elobservatorio.com.mx\/index.php?rest_route=\/wp\/v2\/posts\/5869"}],"collection":[{"href":"http:\/\/elobservatorio.com.mx\/index.php?rest_route=\/wp\/v2\/posts"}],"about":[{"href":"http:\/\/elobservatorio.com.mx\/index.php?rest_route=\/wp\/v2\/types\/post"}],"author":[{"embeddable":true,"href":"http:\/\/elobservatorio.com.mx\/index.php?rest_route=\/wp\/v2\/users\/2"}],"replies":[{"embeddable":true,"href":"http:\/\/elobservatorio.com.mx\/index.php?rest_route=%2Fwp%2Fv2%2Fcomments&post=5869"}],"version-history":[{"count":0,"href":"http:\/\/elobservatorio.com.mx\/index.php?rest_route=\/wp\/v2\/posts\/5869\/revisions"}],"wp:featuredmedia":[{"embeddable":true,"href":"http:\/\/elobservatorio.com.mx\/index.php?rest_route=\/wp\/v2\/media\/5870"}],"wp:attachment":[{"href":"http:\/\/elobservatorio.com.mx\/index.php?rest_route=%2Fwp%2Fv2%2Fmedia&parent=5869"}],"wp:term":[{"taxonomy":"category","embeddable":true,"href":"http:\/\/elobservatorio.com.mx\/index.php?rest_route=%2Fwp%2Fv2%2Fcategories&post=5869"},{"taxonomy":"post_tag","embeddable":true,"href":"http:\/\/elobservatorio.com.mx\/index.php?rest_route=%2Fwp%2Fv2%2Ftags&post=5869"}],"curies":[{"name":"wp","href":"https:\/\/api.w.org\/{rel}","templated":true}]}}