{"id":5894,"date":"2019-07-02T22:12:24","date_gmt":"2019-07-02T22:12:24","guid":{"rendered":"http:\/\/elobservatorio.com.mx\/rafael-mendoza-atiende-directamente-ya-sea-en-su-oficina-o-en-lunes-y-martes-ciudadanos"},"modified":"2019-07-02T23:46:39","modified_gmt":"2019-07-02T23:46:39","slug":"rafael-mendoza-atiende-directamente-ya-sea-en-su-oficina-o-en-lunes-y-martes-ciudadanos","status":"publish","type":"post","link":"http:\/\/elobservatorio.com.mx\/?p=5894","title":{"rendered":"Rafael Mendoza atiende directamente,  ya sea en su oficina o en lunes y martes ciudadanos"},"content":{"rendered":"<p><em>*En el marco de las jornadas de atenci\u00f3n ciudadana, se desplaz\u00f3 a domicilios a entregar apoyos a personas necesitadas.<\/em><\/p>\n<p>Como parte de su programa de atenci\u00f3n permanente y personalizada a la poblaci\u00f3n, este lunes y martes, el presidente municipal de Cuauht\u00e9moc desarroll\u00f3\u00a0 dos jornadas de\u00a0 audiencia p\u00fablica en Queser\u00eda, en la cabecera municipal, El Trapiche y Alcaraces, en donde directamente\u00a0 atendi\u00f3 a las personas y\u00a0 al momento canaliz\u00f3 sus demandas y peticiones a las distintas \u00e1reas\u00a0 municipales a donde correspond\u00edan, con la indicaci\u00f3n de una respuesta oportuna para ir avanzando en la soluci\u00f3n de los asuntos.<\/p>\n<p>El lunes\u00a0 de\u00a0 1 a 5 de la tarde, como lo hace\u00a0 cada inicio de semana, estuvo\u00a0 en la comunidad de Queser\u00eda; y\u00a0 este martes, desde las 6 a 9 de la ma\u00f1ana en la presidencia municipal de Cuauht\u00e9moc en su despacho, siguiendo la jornada de 10 de la ma\u00f1ana a 12 del d\u00eda en\u00a0 El Trapiche, y de 1 a 4 de la tarde en la comunidad de Alcaraces, destac\u00e1ndose de estas jornadas que el presidente acude\u00a0 personalmente y desde el propio lugar donde\u00a0 escucha y atiende a las personas,\u00a0 reporta inmediatamente los asuntos a las dependencias\u00a0 respectivas, para que los directores de \u00e1rea\u00a0 no se\u00a0 trasladen y contin\u00faen desarrollando sus\u00a0 encomiendas diarias.<\/p>\n<p>Cabe destacar que tambi\u00e9n durante estas jornadas de atenci\u00f3n ciudadana directa, el presidente municipal, Rafael Mendoza, aprovech\u00f3 tambi\u00e9n el tiempo para entregar apoyos a personas y familias vulnerables, en sus propios domicilios, recogiendo sus necesidades y demandas para brindarles mayor atenci\u00f3n social.<\/p>\n<p>La realizaci\u00f3n de las jornadas de lunes y Martes Ciudadanos, son complementarias a la atenci\u00f3n cotidiana que el alcalde de Cuauht\u00e9moc ofrece de manera tambi\u00e9n directa a la poblaci\u00f3n en su propio despacho de la Presidencia Municipal. Adem\u00e1s, de hacerlo de manera permanente las 24 horas a trav\u00e9s del n\u00famero telef\u00f3nico 312\u00a0 27 30 805\u00a0 puesto a\u00a0 la disposici\u00f3n de la gente para que\u00a0 hagan llegar\u00a0 demandas, propuestas y sugerencias\u00a0 sobre los asuntos\u00a0 municipales y necesidades de apoyo o de asesor\u00eda.<\/p>\n","protected":false},"excerpt":{"rendered":"<p>*En el marco de las jornadas de atenci\u00f3n ciudadana, se desplaz\u00f3 a domicilios a entregar apoyos a personas necesitadas. Como parte de su programa de atenci\u00f3n permanente y personalizada a la poblaci\u00f3n, este lunes y martes, el presidente municipal de Cuauht\u00e9moc desarroll\u00f3\u00a0 dos jornadas de\u00a0 audiencia p\u00fablica en Queser\u00eda, en la cabecera municipal, El Trapiche&#8230;<\/p>\n","protected":false},"author":2,"featured_media":5895,"comment_status":"open","ping_status":"open","sticky":false,"template":"","format":"standard","meta":{"footnotes":""},"categories":[40,8],"tags":[29,30,28],"class_list":["post-5894","post","type-post","status-publish","format-standard","has-post-thumbnail","hentry","category-cuauhtemoc","category-municipios","tag-grid","tag-news","tag-slider"],"_links":{"self":[{"href":"http:\/\/elobservatorio.com.mx\/index.php?rest_route=\/wp\/v2\/posts\/5894"}],"collection":[{"href":"http:\/\/elobservatorio.com.mx\/index.php?rest_route=\/wp\/v2\/posts"}],"about":[{"href":"http:\/\/elobservatorio.com.mx\/index.php?rest_route=\/wp\/v2\/types\/post"}],"author":[{"embeddable":true,"href":"http:\/\/elobservatorio.com.mx\/index.php?rest_route=\/wp\/v2\/users\/2"}],"replies":[{"embeddable":true,"href":"http:\/\/elobservatorio.com.mx\/index.php?rest_route=%2Fwp%2Fv2%2Fcomments&post=5894"}],"version-history":[{"count":0,"href":"http:\/\/elobservatorio.com.mx\/index.php?rest_route=\/wp\/v2\/posts\/5894\/revisions"}],"wp:featuredmedia":[{"embeddable":true,"href":"http:\/\/elobservatorio.com.mx\/index.php?rest_route=\/wp\/v2\/media\/5895"}],"wp:attachment":[{"href":"http:\/\/elobservatorio.com.mx\/index.php?rest_route=%2Fwp%2Fv2%2Fmedia&parent=5894"}],"wp:term":[{"taxonomy":"category","embeddable":true,"href":"http:\/\/elobservatorio.com.mx\/index.php?rest_route=%2Fwp%2Fv2%2Fcategories&post=5894"},{"taxonomy":"post_tag","embeddable":true,"href":"http:\/\/elobservatorio.com.mx\/index.php?rest_route=%2Fwp%2Fv2%2Ftags&post=5894"}],"curies":[{"name":"wp","href":"https:\/\/api.w.org\/{rel}","templated":true}]}}