{"id":5975,"date":"2019-07-04T18:22:45","date_gmt":"2019-07-04T18:22:45","guid":{"rendered":"http:\/\/elobservatorio.com.mx\/santiago-chavez-coordinador-de-la-campana-de-alejandro-alito-en-colima"},"modified":"2019-07-04T18:22:45","modified_gmt":"2019-07-04T18:22:45","slug":"santiago-chavez-coordinador-de-la-campana-de-alejandro-alito-en-colima","status":"publish","type":"post","link":"http:\/\/elobservatorio.com.mx\/?p=5975","title":{"rendered":"Santiago Ch\u00e1vez, coordinador de la campa\u00f1a de Alejandro \u00abAlito\u00bb en Colima"},"content":{"rendered":"<p><em>* Itzel R\u00edos de la Mora y Carlos Cruz Mendoza, los coordinadoras distritales<\/em><\/p>\n<p>Santiago Ch\u00e1vez Ch\u00e1vez coordina la campa\u00f1a de la f\u00f3rmula que encabeza Alejandro \u201cAlito\u201d Moreno y Carolina Viggiano, para presidente y secretaria del Comit\u00e9 Ejecutivo Nacional del Partido Revolucionario Institucional.<\/p>\n<p>El actual regidor en el Ayuntamiento de Tecom\u00e1n tiene como coordinadores distritales a la exdiputada local y exsenadora, Itzel R\u00edos de la Mora, en el 1 y a Carlos Cruz Mendoza, exdelegado de Sedesol, exdiputado local y federal, en el 2.<\/p>\n<p>La elecci\u00f3n ser\u00e1 el domingo 11 de agosto y en breve Ch\u00e1vez Ch\u00e1vez har\u00e1 p\u00fablico al resto del equipo que acompa\u00f1a a \u201cAlito\u201d Moreno en busca de la dirigencia nacional del PRI, como es el caso de los coordinadores municipales.<br \/>\nSantiago Ch\u00e1vez Ch\u00e1vez fue diputado local en la pasada legislatura, adem\u00e1s de que fue dirigente de la CNOP en Tecom\u00e1n y con amplia experiencia en los sectores p\u00fablico y privado.<\/p>\n<p>En tanto Itzel R\u00edos de la Mora fue dirigente estatal del PRI, fue diputada local y senadora de la rep\u00fablica.<\/p>\n<p>Mientras Carlos Cruz Mendoza fue presidente municipal de Armer\u00eda, diputado local y federal, secretario de Educaci\u00f3n, coordinador de la campa\u00f1a presidencial de Enrique Pe\u00f1a Nieto en Colima y exdelegado de la Secretar\u00eda de Desarrollo Social.<br \/>\nCh\u00e1vez Ch\u00e1vez inform\u00f3 que en breve se dar\u00e1 a conocer la fecha en que \u201cAlito\u201d Moreno se reunir\u00e1 con la militancia priista del Estado de Colima.<\/p>\n","protected":false},"excerpt":{"rendered":"<p>* Itzel R\u00edos de la Mora y Carlos Cruz Mendoza, los coordinadoras distritales Santiago Ch\u00e1vez Ch\u00e1vez coordina la campa\u00f1a de la f\u00f3rmula que encabeza Alejandro \u201cAlito\u201d Moreno y Carolina Viggiano, para presidente y secretaria del Comit\u00e9 Ejecutivo Nacional del Partido Revolucionario Institucional. El actual regidor en el Ayuntamiento de Tecom\u00e1n tiene como coordinadores distritales a&#8230;<\/p>\n","protected":false},"author":2,"featured_media":5976,"comment_status":"open","ping_status":"open","sticky":false,"template":"","format":"standard","meta":{"footnotes":""},"categories":[10],"tags":[29,30,28],"class_list":["post-5975","post","type-post","status-publish","format-standard","has-post-thumbnail","hentry","category-politica","tag-grid","tag-news","tag-slider"],"_links":{"self":[{"href":"http:\/\/elobservatorio.com.mx\/index.php?rest_route=\/wp\/v2\/posts\/5975"}],"collection":[{"href":"http:\/\/elobservatorio.com.mx\/index.php?rest_route=\/wp\/v2\/posts"}],"about":[{"href":"http:\/\/elobservatorio.com.mx\/index.php?rest_route=\/wp\/v2\/types\/post"}],"author":[{"embeddable":true,"href":"http:\/\/elobservatorio.com.mx\/index.php?rest_route=\/wp\/v2\/users\/2"}],"replies":[{"embeddable":true,"href":"http:\/\/elobservatorio.com.mx\/index.php?rest_route=%2Fwp%2Fv2%2Fcomments&post=5975"}],"version-history":[{"count":0,"href":"http:\/\/elobservatorio.com.mx\/index.php?rest_route=\/wp\/v2\/posts\/5975\/revisions"}],"wp:featuredmedia":[{"embeddable":true,"href":"http:\/\/elobservatorio.com.mx\/index.php?rest_route=\/wp\/v2\/media\/5976"}],"wp:attachment":[{"href":"http:\/\/elobservatorio.com.mx\/index.php?rest_route=%2Fwp%2Fv2%2Fmedia&parent=5975"}],"wp:term":[{"taxonomy":"category","embeddable":true,"href":"http:\/\/elobservatorio.com.mx\/index.php?rest_route=%2Fwp%2Fv2%2Fcategories&post=5975"},{"taxonomy":"post_tag","embeddable":true,"href":"http:\/\/elobservatorio.com.mx\/index.php?rest_route=%2Fwp%2Fv2%2Ftags&post=5975"}],"curies":[{"name":"wp","href":"https:\/\/api.w.org\/{rel}","templated":true}]}}