{"id":603,"date":"2018-11-26T20:00:05","date_gmt":"2018-11-26T20:00:05","guid":{"rendered":"http:\/\/elobservatorio.com.mx\/carlos-carrasco-gestionara-unidad-de-riego-de-las-trancas"},"modified":"2018-11-26T20:00:05","modified_gmt":"2018-11-26T20:00:05","slug":"carlos-carrasco-gestionara-unidad-de-riego-de-las-trancas","status":"publish","type":"post","link":"http:\/\/elobservatorio.com.mx\/?p=603","title":{"rendered":"Carlos Carrasco gestionar\u00e1 unidad de riego de \u00abLas Trancas\u00bb"},"content":{"rendered":"<p>El domingo 25 de noviembre, se realiz\u00f3 la entrega de la acta constitutiva y del reglamento de operaci\u00f3n, de la mesa directiva de la unidad de riego las Trancas, en este acto estuvo como invitado de honor el Presidente Municipal Carlos Carrasco, adem\u00e1s del Jefe de Desarrollo Rural \u00c1ngel S\u00e1nchez y el Jefe de Fomento Econ\u00f3mico Sergio Rinc\u00f3n.<\/p>\n<p>Por parte de la mesa directiva de la unidad de riego Las Trancas se encontraban, el Presidente J. Santos Medina Mu\u00f1oz, el Tesorero Alberto Vargas y el Secretario Arnoldo V\u00e1zquez Eudave, los cuales estaban satisfecho por lo logrado ya que era un paso a la regulaci\u00f3n de esta unidad.<\/p>\n<p>Por su parte el Presidente Municipal Carlos Carrasco, se comprometi\u00f3 a gestionar la rehabilitaci\u00f3n general del canal principal y sus laterales, para que con esto, todos los usuarios dispongan del agua suficiente y necesaria para que sus cultivos lleguen a buen t\u00e9rmino y as\u00ed se tenga una mejor producci\u00f3n.<\/p>\n","protected":false},"excerpt":{"rendered":"<p>El domingo 25 de noviembre, se realiz\u00f3 la entrega de la acta constitutiva y del reglamento de operaci\u00f3n, de la mesa directiva de la unidad de riego las Trancas, en este acto estuvo como invitado de honor el Presidente Municipal Carlos Carrasco, adem\u00e1s del Jefe de Desarrollo Rural \u00c1ngel S\u00e1nchez y el Jefe de Fomento&#8230;<\/p>\n","protected":false},"author":2,"featured_media":604,"comment_status":"open","ping_status":"open","sticky":false,"template":"","format":"standard","meta":{"footnotes":""},"categories":[39,8],"tags":[29,30,28],"class_list":["post-603","post","type-post","status-publish","format-standard","has-post-thumbnail","hentry","category-ixtlahuacan","category-municipios","tag-grid","tag-news","tag-slider"],"_links":{"self":[{"href":"http:\/\/elobservatorio.com.mx\/index.php?rest_route=\/wp\/v2\/posts\/603"}],"collection":[{"href":"http:\/\/elobservatorio.com.mx\/index.php?rest_route=\/wp\/v2\/posts"}],"about":[{"href":"http:\/\/elobservatorio.com.mx\/index.php?rest_route=\/wp\/v2\/types\/post"}],"author":[{"embeddable":true,"href":"http:\/\/elobservatorio.com.mx\/index.php?rest_route=\/wp\/v2\/users\/2"}],"replies":[{"embeddable":true,"href":"http:\/\/elobservatorio.com.mx\/index.php?rest_route=%2Fwp%2Fv2%2Fcomments&post=603"}],"version-history":[{"count":0,"href":"http:\/\/elobservatorio.com.mx\/index.php?rest_route=\/wp\/v2\/posts\/603\/revisions"}],"wp:featuredmedia":[{"embeddable":true,"href":"http:\/\/elobservatorio.com.mx\/index.php?rest_route=\/wp\/v2\/media\/604"}],"wp:attachment":[{"href":"http:\/\/elobservatorio.com.mx\/index.php?rest_route=%2Fwp%2Fv2%2Fmedia&parent=603"}],"wp:term":[{"taxonomy":"category","embeddable":true,"href":"http:\/\/elobservatorio.com.mx\/index.php?rest_route=%2Fwp%2Fv2%2Fcategories&post=603"},{"taxonomy":"post_tag","embeddable":true,"href":"http:\/\/elobservatorio.com.mx\/index.php?rest_route=%2Fwp%2Fv2%2Ftags&post=603"}],"curies":[{"name":"wp","href":"https:\/\/api.w.org\/{rel}","templated":true}]}}