{"id":6031,"date":"2019-07-08T19:20:17","date_gmt":"2019-07-08T19:20:17","guid":{"rendered":"http:\/\/elobservatorio.com.mx\/la-credencial-de-la-fec-continuara-vigente-para-el-descuento-del-transporte-urbano"},"modified":"2019-07-08T19:20:17","modified_gmt":"2019-07-08T19:20:17","slug":"la-credencial-de-la-fec-continuara-vigente-para-el-descuento-del-transporte-urbano","status":"publish","type":"post","link":"http:\/\/elobservatorio.com.mx\/?p=6031","title":{"rendered":"La credencial de la FEC continuar\u00e1 vigente para el descuento del transporte urbano"},"content":{"rendered":"<p><em>*La Secretar\u00eda de Educaci\u00f3n del Gobierno del Estado pretende credencializar a 197 mil alumnos antes del inicio del ciclo escolar.<\/em><\/p>\n<p>Alfredo Quiles Cabrera<\/p>\n<p>Las credenciales que expide la Federaci\u00f3n de Estudiantes Colimenses (FEC) continuar\u00e1n siendo v\u00e1lidas para el descuento del 50 por ciento en el servicio de transporte urbano, afirm\u00f3 el secretario de Educaci\u00f3n del Gobierno del Estado, Jaime Flores Merlo.<\/p>\n<p>El funcionario estatal dio a conocer que la dependencia a su cargo est\u00e1 realizando el estudio encargado por el gobernador Jos\u00e9 Ignacio Peralta S\u00e1nchez para determinar el n\u00famero de credenciales que se habr\u00e1n de emitir para el \u201cel descuento universal del 50 por ciento en ese servicio de transporte\u201d.<\/p>\n<p>Sin embargo, adelant\u00f3 que se considera que la Secretar\u00eda de Educaci\u00f3n podr\u00e1 emitir hasta 197 mil credenciales a estudiantes del nivel b\u00e1sico, educaci\u00f3n media y educaci\u00f3n superior, las cuales en una primera emisi\u00f3n \u201cpodr\u00edan ser gratuitas y alrededor de 30 pesos por reposici\u00f3n\u201d.<\/p>\n<p>Flores Merlo destac\u00f3 que de momento no se ha elaborado la proyecci\u00f3n presupuestal que se requiere para este programa de credencializaci\u00f3n universal, agregando que se contempla que en el inicio de clases ya se cuente con las credenciales para todos los estudiantes.<\/p>\n<p>Afirm\u00f3 que una vez que se ha logrado la universalidad del descuento del 50 por ciento, la credencial de cada centro de estudios ser\u00e1 v\u00e1lida y en lo referente a las escuelas de la Universidad de Colima \u201cla credencial que emite la Federaci\u00f3n de Estudiantes Colimenses seguir\u00e1 siendo v\u00e1lida. No hay cambios, por lo que se tiene conocimiento\u201d.<\/p>\n<p>Respecto a las credenciales que se habr\u00e1n de entregar, mencion\u00f3 que siguieron una metodolog\u00eda pr\u00e1ctica una consulta directa a los pap\u00e1s, hasta primero, segundo y tercero de primaria; de cuarto, quinto y sexto y nivel secundaria una consulta directa a los alumnos, que informaron el medio de transporte por el que llegan a la escuela y se retira, de lo cual ya dio un informe detallado al gobernador.<\/p>\n<p>Afirm\u00f3 que la Secretar\u00eda de Educaci\u00f3n tiene un programa de credencializaci\u00f3n, ya que cada a\u00f1o se les entrega a los alumnos de nuevo ingreso su credencial, y a los alumnos que ya est\u00e1n en el sistema educativo cada tres y cuatro a\u00f1os de acuerdo a los cambios f\u00edsicos de los ni\u00f1os, se les renueva su credencial.<\/p>\n<p>\u201cTenemos una propuesta que vamos a presentarle al gobernador para atender mediante tres planes la emisi\u00f3n de credenciales\u201d.<\/p>\n<p>Dijo que para arrancar el ciclo escolar a partir del 26 de agosto \u201cestemos en condiciones de iniciar la impresi\u00f3n de credenciales\u201d.<\/p>\n<p>Mencion\u00f3 que el costo es el material, \u201cla secretaria de Educaci\u00f3n la emisi\u00f3n de la primera credencial es sin costo, las sustituciones s\u00ed tienen un costo de 30 pesos, que incluye la impresi\u00f3n y el pl\u00e1stico\u201d, por lo que insisti\u00f3 que en esta caso ser\u00e1 una situaci\u00f3n especial con la idea de credencializar al cien por ciento de los estudiantes presentar\u00e1 una propuesta para la compra de material, plantillas y del equipo.<\/p>\n<p>Asimismo, descart\u00f3 que lleven el c\u00f3digo QR. \u201cEs la credencial que emite cada instituci\u00f3n, tengo entendido que no es una credencial especial, sino que la emite la Secretar\u00eda de Educaci\u00f3n, que no lleva un c\u00f3digo especial\u201d.<\/p>\n<p>Insisti\u00f3 que cada instituci\u00f3n educativa deber\u00e1 emitir sus credenciales para identificar a los alumnos de las dependencia, \u201cestamos considerando que nosotros vamos a emitir las credenciales para educaci\u00f3n b\u00e1sica\u201d.<\/p>\n<p>El proyecto para poderlo iniciar una vez que inicie el ciclo escolar a partir del 26 de agosto.<\/p>\n","protected":false},"excerpt":{"rendered":"<p>*La Secretar\u00eda de Educaci\u00f3n del Gobierno del Estado pretende credencializar a 197 mil alumnos antes del inicio del ciclo escolar. Alfredo Quiles Cabrera Las credenciales que expide la Federaci\u00f3n de Estudiantes Colimenses (FEC) continuar\u00e1n siendo v\u00e1lidas para el descuento del 50 por ciento en el servicio de transporte urbano, afirm\u00f3 el secretario de Educaci\u00f3n del&#8230;<\/p>\n","protected":false},"author":2,"featured_media":6032,"comment_status":"open","ping_status":"open","sticky":false,"template":"","format":"standard","meta":{"footnotes":""},"categories":[12],"tags":[29,30,28],"class_list":["post-6031","post","type-post","status-publish","format-standard","has-post-thumbnail","hentry","category-sociedad","tag-grid","tag-news","tag-slider"],"_links":{"self":[{"href":"http:\/\/elobservatorio.com.mx\/index.php?rest_route=\/wp\/v2\/posts\/6031"}],"collection":[{"href":"http:\/\/elobservatorio.com.mx\/index.php?rest_route=\/wp\/v2\/posts"}],"about":[{"href":"http:\/\/elobservatorio.com.mx\/index.php?rest_route=\/wp\/v2\/types\/post"}],"author":[{"embeddable":true,"href":"http:\/\/elobservatorio.com.mx\/index.php?rest_route=\/wp\/v2\/users\/2"}],"replies":[{"embeddable":true,"href":"http:\/\/elobservatorio.com.mx\/index.php?rest_route=%2Fwp%2Fv2%2Fcomments&post=6031"}],"version-history":[{"count":0,"href":"http:\/\/elobservatorio.com.mx\/index.php?rest_route=\/wp\/v2\/posts\/6031\/revisions"}],"wp:featuredmedia":[{"embeddable":true,"href":"http:\/\/elobservatorio.com.mx\/index.php?rest_route=\/wp\/v2\/media\/6032"}],"wp:attachment":[{"href":"http:\/\/elobservatorio.com.mx\/index.php?rest_route=%2Fwp%2Fv2%2Fmedia&parent=6031"}],"wp:term":[{"taxonomy":"category","embeddable":true,"href":"http:\/\/elobservatorio.com.mx\/index.php?rest_route=%2Fwp%2Fv2%2Fcategories&post=6031"},{"taxonomy":"post_tag","embeddable":true,"href":"http:\/\/elobservatorio.com.mx\/index.php?rest_route=%2Fwp%2Fv2%2Ftags&post=6031"}],"curies":[{"name":"wp","href":"https:\/\/api.w.org\/{rel}","templated":true}]}}