{"id":612,"date":"2018-11-26T20:12:24","date_gmt":"2018-11-26T20:12:24","guid":{"rendered":"http:\/\/elobservatorio.com.mx\/aprueba-ine-propuesta-presupuestal-de-11-mil-303-mdp"},"modified":"2018-11-26T20:12:24","modified_gmt":"2018-11-26T20:12:24","slug":"aprueba-ine-propuesta-presupuestal-de-11-mil-303-mdp","status":"publish","type":"post","link":"http:\/\/elobservatorio.com.mx\/?p=612","title":{"rendered":"Aprueba INE propuesta presupuestal de 11 mil 303 mdp"},"content":{"rendered":"<p>En menos de una hora, sin mayor debate, la Comisi\u00f3n Temporal del Presupuesto del Instituto Nacional Electoral aprob\u00f3 el anteproyecto de presupuesto que remitir\u00e1n a la Secretar\u00eda de Hacienda y Cr\u00e9dito P\u00fablico para que se integre al paquete presupuestal, el cual asciende a 11 mil 303 millones de pesos y que se complementar\u00e1 con 4 mil 855 millones de pesos correspondientes a las prerrogativas de los partidos pol\u00edticos para un total de 16 mil 158 millones de pesos en 2019.<\/p>\n<p>Bajo el discurso de que el INE preserva las pr\u00e1cticas de austeridad pero que es necesario el \u201crobustecimiento, mantenimiento de sus sitemas de informaci\u00f3n, lista nominal, credncializaci\u00f3n, cultura democr\u00e1tica, construcci\u00f3n de ciuddan\u00eda, ejes transversales\u201d entre otros, se justific\u00f3 el monto aprobado.<\/p>\n<p>Seg\u00fan la presidenta de la Comisi\u00f3n, Claudia Zavala, el proyecto que ser\u00e1 aprobado este mi\u00e9rcoles en sesi\u00f3n del Consejo General, consider\u00f3 preservar los derechos laborales de sus trabajadores como una prioridad. Sin mayor detalle, no abund\u00f3 en el impacto que tendr\u00e1 la nueva ley de salarios aprobada en las percepciones de los trabajadores del Instituto.<\/p>\n<p>A decir de Zavala, el presupuesto para 2019 ser\u00eda el m\u00e1s austero de la historia, por debajo incluso del 2016 \u2013\u00fanico a\u00f1o comparable recientemente por tratarse al siguiente efectuado tras una elecci\u00f3n presidencial- y reivindic\u00f3 la importancia del INE como instituci\u00f3n patrimonio de la sociedad mexicana.<\/p>\n<p>Dijo que el presupuesto se elabor\u00f3 bajo tres ejes: absoluta autonom\u00eda del INE; l\u00f3gica de austeridad presupuestal y que el presupuesto permitiera al INE cumplir a cabalidad con sus funciones.<\/p>\n<p>Durante la presentaci\u00f3n, los partidos pol\u00edticos demandaron que existiera mayor detalle de las partidas presupuestales.<\/p>\n","protected":false},"excerpt":{"rendered":"<p>En menos de una hora, sin mayor debate, la Comisi\u00f3n Temporal del Presupuesto del Instituto Nacional Electoral aprob\u00f3 el anteproyecto de presupuesto que remitir\u00e1n a la Secretar\u00eda de Hacienda y Cr\u00e9dito P\u00fablico para que se integre al paquete presupuestal, el cual asciende a 11 mil 303 millones de pesos y que se complementar\u00e1 con 4&#8230;<\/p>\n","protected":false},"author":2,"featured_media":613,"comment_status":"open","ping_status":"open","sticky":false,"template":"","format":"standard","meta":{"footnotes":""},"categories":[13],"tags":[29,30,28],"class_list":["post-612","post","type-post","status-publish","format-standard","has-post-thumbnail","hentry","category-nacion-y-mundo","tag-grid","tag-news","tag-slider"],"_links":{"self":[{"href":"http:\/\/elobservatorio.com.mx\/index.php?rest_route=\/wp\/v2\/posts\/612"}],"collection":[{"href":"http:\/\/elobservatorio.com.mx\/index.php?rest_route=\/wp\/v2\/posts"}],"about":[{"href":"http:\/\/elobservatorio.com.mx\/index.php?rest_route=\/wp\/v2\/types\/post"}],"author":[{"embeddable":true,"href":"http:\/\/elobservatorio.com.mx\/index.php?rest_route=\/wp\/v2\/users\/2"}],"replies":[{"embeddable":true,"href":"http:\/\/elobservatorio.com.mx\/index.php?rest_route=%2Fwp%2Fv2%2Fcomments&post=612"}],"version-history":[{"count":0,"href":"http:\/\/elobservatorio.com.mx\/index.php?rest_route=\/wp\/v2\/posts\/612\/revisions"}],"wp:featuredmedia":[{"embeddable":true,"href":"http:\/\/elobservatorio.com.mx\/index.php?rest_route=\/wp\/v2\/media\/613"}],"wp:attachment":[{"href":"http:\/\/elobservatorio.com.mx\/index.php?rest_route=%2Fwp%2Fv2%2Fmedia&parent=612"}],"wp:term":[{"taxonomy":"category","embeddable":true,"href":"http:\/\/elobservatorio.com.mx\/index.php?rest_route=%2Fwp%2Fv2%2Fcategories&post=612"},{"taxonomy":"post_tag","embeddable":true,"href":"http:\/\/elobservatorio.com.mx\/index.php?rest_route=%2Fwp%2Fv2%2Ftags&post=612"}],"curies":[{"name":"wp","href":"https:\/\/api.w.org\/{rel}","templated":true}]}}