{"id":6134,"date":"2019-07-15T23:30:58","date_gmt":"2019-07-15T23:30:58","guid":{"rendered":"http:\/\/elobservatorio.com.mx\/maestros-seran-reinstalados-con-respeto-a-todos-sus-derechos-y-prestaciones-snte"},"modified":"2019-07-15T23:30:58","modified_gmt":"2019-07-15T23:30:58","slug":"maestros-seran-reinstalados-con-respeto-a-todos-sus-derechos-y-prestaciones-snte","status":"publish","type":"post","link":"http:\/\/elobservatorio.com.mx\/?p=6134","title":{"rendered":"Maestros ser\u00e1n reinstalados con respeto a todos sus derechos y prestaciones: SNTE"},"content":{"rendered":"<p><em>*La Secci\u00f3n 6 del SNTE acompa\u00f1ar\u00e1 en todo el proceso a los maestros que fueron cesados por la anterior reforma educativa. =Antes de que inicie el pr\u00f3ximo ciclo escolar ser\u00e1 regularizada su situaci\u00f3n laboral, dice el l\u00edder de la Secci\u00f3n 6 del SNTE.<\/em><\/p>\n<p>Alfredo Quiles Cabrera<\/p>\n<p>Los maestros y maestras colimenses que fueron afectados con la aplicaci\u00f3n de la reforma educativa del anterior sexenio \u201cser\u00e1n reinstalados con todos sus derechos y prestaciones, incluyendo en ello el pago de salarios que dejaron de percibir durante el tiempo que estuvieron cesados\u201d, afirm\u00f3 el secretario general de la Secci\u00f3n 6 del Sindicato Nacional de Trabajadores de la Educaci\u00f3n (SNTE), Jos\u00e9 Jaime N\u00fa\u00f1ez Murgu\u00eda.<\/p>\n<p>Este lunes \u00d1o\u00f1ez Murgu\u00eda, acompa\u00f1ado de integrantes del Comit\u00e9 Seccional y del titular de la Secretaria de Asuntos Jur\u00eddicos Leopoldo Miranda, sostuvo una reuni\u00f3n con 11 de los 12 maestros afectados con la reforma educativa implementada en la anterior administraci\u00f3n federal, a quienes les indic\u00f3 que la organizaci\u00f3n sindical los acompa\u00f1ar\u00e1 y apoyar\u00e1 en este proceso de reinstalaci\u00f3n que hoy inicia de manera formal.<\/p>\n<p>N\u00fa\u00f1ez Murgu\u00eda les indic\u00f3 que tiene instrucciones de la dirigencia nacional del SNTE de apoyar a los maestros en este proceso que deber\u00e1 de concluir antes del inicio el siguiente ciclo escolar.<\/p>\n<p>El l\u00edder sindical les inform\u00f3 a los maestros que hab\u00edan sido cesados que se han estado integrando los expedientes de todos ellos para empezar el procedimiento de reincorporaci\u00f3n al sistema educativo federalizado.<\/p>\n<p>\u201cTengan la seguridad de que el SNTE les dar\u00e1 acompa\u00f1amiento en todas acciones legales para que vuelvan a tener sus derechos y prestaciones\u201d, dijo.<\/p>\n<p>El secretario general de la Secci\u00f3n 6 del SNTE les aclar\u00f3 dudas de su reincorporaci\u00f3n a los maestros presentes y afirm\u00f3 que se pugnar\u00e1 para que se paguen los salarios ca\u00eddos del tiempo que estuvieron cesados.<\/p>\n<p>Tambi\u00e9n se buscar\u00e1 que se reinstale en las mismas condiciones laborales que se encontraban.<\/p>\n<p>Los compromisos adquiridos por la Secci\u00f3n 6 del SNTE con estos maestros que ser\u00e1n reinstalados son: la revisi\u00f3n de los conceptos de pago y del monto a cubrirse.<\/p>\n<p>Asimismo, la firma del convenio laboral por parte del docente y su ratificaci\u00f3n ante el Tribunal Local de Conciliaci\u00f3n y Arbitraje (convenio laboral marco) el cual ser\u00e1 elaborado por la Secretaria de Asuntos Jur\u00eddicos de la Secci\u00f3n 6 del SNTE a cargo de Leopoldo Miranda.<\/p>\n<p>Tambi\u00e9n se incluye la expedici\u00f3n de sus \u00f3rdenes de presentaci\u00f3n; el pago correspondiente a salarios ca\u00eddos y sus prestaciones.<\/p>\n<p>Respecto al espacio que ten\u00edan como docentes, N\u00fa\u00f1ez Murgu\u00eda les indic\u00f3 que en caso de que el mismo se encuentre ocupado por otro trabajador de la educaci\u00f3n \u201cse deber\u00e1 negociar un espacio que le convenga a cada uno de los profesores que ser\u00e1n reinstalados\u201d.<\/p>\n<p>Respecto al tema de afiliaci\u00f3n al ISSSTE se indic\u00f3 que tambi\u00e9n se les dar\u00e1 acompa\u00f1amiento en este tema y se har\u00e1 sin que pierdan antig\u00fcedad laboral.<\/p>\n<p>Jos\u00e9 Jaime N\u00fa\u00f1ez los invit\u00f3 a confiar en su sindicato, en el SNTE, a sumarse al trabajo que esta organizaci\u00f3n sindical realiza d\u00eda a d\u00eda en beneficio de los trabajadores de la educaci\u00f3n.<\/p>\n<p>Por su parte, los maestros y maestras que ser\u00e1n reinstalados reconocieron las acciones que en su favor realiz\u00f3 y realiza la Secci\u00f3n 6 del SNTE para ser reinstalados como maestros en activo, con todos sus derechos y prestaciones.<\/p>\n","protected":false},"excerpt":{"rendered":"<p>*La Secci\u00f3n 6 del SNTE acompa\u00f1ar\u00e1 en todo el proceso a los maestros que fueron cesados por la anterior reforma educativa. =Antes de que inicie el pr\u00f3ximo ciclo escolar ser\u00e1 regularizada su situaci\u00f3n laboral, dice el l\u00edder de la Secci\u00f3n 6 del SNTE. Alfredo Quiles Cabrera Los maestros y maestras colimenses que fueron afectados con&#8230;<\/p>\n","protected":false},"author":2,"featured_media":6135,"comment_status":"open","ping_status":"open","sticky":false,"template":"","format":"standard","meta":{"footnotes":""},"categories":[12],"tags":[29,30,28],"class_list":["post-6134","post","type-post","status-publish","format-standard","has-post-thumbnail","hentry","category-sociedad","tag-grid","tag-news","tag-slider"],"_links":{"self":[{"href":"http:\/\/elobservatorio.com.mx\/index.php?rest_route=\/wp\/v2\/posts\/6134"}],"collection":[{"href":"http:\/\/elobservatorio.com.mx\/index.php?rest_route=\/wp\/v2\/posts"}],"about":[{"href":"http:\/\/elobservatorio.com.mx\/index.php?rest_route=\/wp\/v2\/types\/post"}],"author":[{"embeddable":true,"href":"http:\/\/elobservatorio.com.mx\/index.php?rest_route=\/wp\/v2\/users\/2"}],"replies":[{"embeddable":true,"href":"http:\/\/elobservatorio.com.mx\/index.php?rest_route=%2Fwp%2Fv2%2Fcomments&post=6134"}],"version-history":[{"count":0,"href":"http:\/\/elobservatorio.com.mx\/index.php?rest_route=\/wp\/v2\/posts\/6134\/revisions"}],"wp:featuredmedia":[{"embeddable":true,"href":"http:\/\/elobservatorio.com.mx\/index.php?rest_route=\/wp\/v2\/media\/6135"}],"wp:attachment":[{"href":"http:\/\/elobservatorio.com.mx\/index.php?rest_route=%2Fwp%2Fv2%2Fmedia&parent=6134"}],"wp:term":[{"taxonomy":"category","embeddable":true,"href":"http:\/\/elobservatorio.com.mx\/index.php?rest_route=%2Fwp%2Fv2%2Fcategories&post=6134"},{"taxonomy":"post_tag","embeddable":true,"href":"http:\/\/elobservatorio.com.mx\/index.php?rest_route=%2Fwp%2Fv2%2Ftags&post=6134"}],"curies":[{"name":"wp","href":"https:\/\/api.w.org\/{rel}","templated":true}]}}