{"id":6137,"date":"2019-07-15T23:44:34","date_gmt":"2019-07-15T23:44:34","guid":{"rendered":"http:\/\/elobservatorio.com.mx\/inicia-campana-de-regularizacion-del-estado-civil-gratuita"},"modified":"2019-07-15T23:44:34","modified_gmt":"2019-07-15T23:44:34","slug":"inicia-campana-de-regularizacion-del-estado-civil-gratuita","status":"publish","type":"post","link":"http:\/\/elobservatorio.com.mx\/?p=6137","title":{"rendered":"Inicia Campa\u00f1a de Regularizaci\u00f3n del Estado Civil gratuita"},"content":{"rendered":"<p class=\"x_MsoNormal\" style=\"text-align: left;\" align=\"center\">Coquimatl\u00e1n, Colima, 15 de julio de 2019.-\u00a0El Honorable Ayuntamiento de Coquimatl\u00e1n a trav\u00e9s del DIF Municipal y la Oficial\u00eda de Registro Civil invita a los ciudadanos nacidos en Colima a aprovechar la Campa\u00f1a Estatal de Regularizaci\u00f3n del Estado Civil de las Personas 2019.<\/p>\n<p class=\"x_MsoNormal\" style=\"text-align: left;\">El Oficial de Registro Civil de Coquimatl\u00e1n, Hugo Adri\u00e1n C\u00e1rdenas Guti\u00e9rrez, indic\u00f3 que en algunas localidades del municipio existen personas que no cuentan con su acta de nacimiento o cuentan con irregularidades en la misma, por lo que no pueden acceder a programas sociales o tr\u00e1mites que requieran identificaci\u00f3n oficial.<\/p>\n<p class=\"x_MsoNormal\" style=\"text-align: left;\">El funcionario municipal invit\u00f3 a la ciudadan\u00eda a aprovechar esta campa\u00f1a que coordina el DIF Estatal y regularizar su situaci\u00f3n jur\u00eddica de identidad de manera gratuita. Coment\u00f3 que la recepci\u00f3n de documentos ser\u00e1 hasta el 4 de septiembre y pueden solicitarlos en las oficinas del DIF Municipal y la Oficial\u00eda de Registro Civil de Coquimatl\u00e1n.<\/p>\n<p class=\"x_MsoNormal\" style=\"text-align: left;\">Los horarios de atenci\u00f3n son de las nueve de la ma\u00f1ana a las tres de la tarde en el DIF Municipal y de 8:30am a 2:30pm en las oficinas del Registro Civil de Coquimatl\u00e1n.<\/p>\n","protected":false},"excerpt":{"rendered":"<p>Coquimatl\u00e1n, Colima, 15 de julio de 2019.-\u00a0El Honorable Ayuntamiento de Coquimatl\u00e1n a trav\u00e9s del DIF Municipal y la Oficial\u00eda de Registro Civil invita a los ciudadanos nacidos en Colima a aprovechar la Campa\u00f1a Estatal de Regularizaci\u00f3n del Estado Civil de las Personas 2019. El Oficial de Registro Civil de Coquimatl\u00e1n, Hugo Adri\u00e1n C\u00e1rdenas Guti\u00e9rrez, indic\u00f3&#8230;<\/p>\n","protected":false},"author":2,"featured_media":6138,"comment_status":"open","ping_status":"open","sticky":false,"template":"","format":"standard","meta":{"footnotes":""},"categories":[41,8],"tags":[29,30,28],"class_list":["post-6137","post","type-post","status-publish","format-standard","has-post-thumbnail","hentry","category-coquimatlan","category-municipios","tag-grid","tag-news","tag-slider"],"_links":{"self":[{"href":"http:\/\/elobservatorio.com.mx\/index.php?rest_route=\/wp\/v2\/posts\/6137"}],"collection":[{"href":"http:\/\/elobservatorio.com.mx\/index.php?rest_route=\/wp\/v2\/posts"}],"about":[{"href":"http:\/\/elobservatorio.com.mx\/index.php?rest_route=\/wp\/v2\/types\/post"}],"author":[{"embeddable":true,"href":"http:\/\/elobservatorio.com.mx\/index.php?rest_route=\/wp\/v2\/users\/2"}],"replies":[{"embeddable":true,"href":"http:\/\/elobservatorio.com.mx\/index.php?rest_route=%2Fwp%2Fv2%2Fcomments&post=6137"}],"version-history":[{"count":0,"href":"http:\/\/elobservatorio.com.mx\/index.php?rest_route=\/wp\/v2\/posts\/6137\/revisions"}],"wp:featuredmedia":[{"embeddable":true,"href":"http:\/\/elobservatorio.com.mx\/index.php?rest_route=\/wp\/v2\/media\/6138"}],"wp:attachment":[{"href":"http:\/\/elobservatorio.com.mx\/index.php?rest_route=%2Fwp%2Fv2%2Fmedia&parent=6137"}],"wp:term":[{"taxonomy":"category","embeddable":true,"href":"http:\/\/elobservatorio.com.mx\/index.php?rest_route=%2Fwp%2Fv2%2Fcategories&post=6137"},{"taxonomy":"post_tag","embeddable":true,"href":"http:\/\/elobservatorio.com.mx\/index.php?rest_route=%2Fwp%2Fv2%2Ftags&post=6137"}],"curies":[{"name":"wp","href":"https:\/\/api.w.org\/{rel}","templated":true}]}}