{"id":6140,"date":"2019-07-16T00:08:08","date_gmt":"2019-07-16T00:08:08","guid":{"rendered":"http:\/\/elobservatorio.com.mx\/por-el-delito-de-robo-colombianos-fueron-capturados-y-ya-estan-en-prision"},"modified":"2019-07-16T00:08:08","modified_gmt":"2019-07-16T00:08:08","slug":"por-el-delito-de-robo-colombianos-fueron-capturados-y-ya-estan-en-prision","status":"publish","type":"post","link":"http:\/\/elobservatorio.com.mx\/?p=6140","title":{"rendered":"Por el delito de robo, colombianos fueron capturados y ya est\u00e1n en prisi\u00f3n"},"content":{"rendered":"<p><em>+Los detuvieron en Guadalajara por hechos ocurridos hace seis a\u00f1os.<\/em><\/p>\n<p>Por el delito de Robo Calificado en los t\u00e9rminos de autor\u00eda y participaci\u00f3n, asociaci\u00f3n delictuosa en su modalidad de delincuencia organizada, dos personas de origen colombiano fueron capturadas en acatamiento a la Orden de Aprehensi\u00f3n que hab\u00eda en su contra, por hechos ocurridos en la Colonia Residencial Esmeralda, en la Ciudad de Colima.<\/p>\n<p>De acuerdo con las investigaciones realizadas por autoridades ministeriales, en el mes de septiembre del a\u00f1o 2013, los detenidos ingresaron a un domicilio en la Ciudad de Colima para llevarse diversos art\u00edculos de perfumer\u00eda.<\/p>\n<p>Por lo anterior, en acatamiento a la orden judicial vigente, estas personas fueron detenidas con el apoyo de las autoridades del Estado de Jalisco, quedando a disposici\u00f3n del juez, a fin de continuar el proceso establecido en el anterior sistema de justicia, y resolver su situaci\u00f3n legal.<\/p>\n<p>De esta manera se hacen efectivos los acuerdos que existen entre las procuradur\u00edas y fiscal\u00edas de las entidades del pa\u00eds, para coadyuvar en el esclarecimiento de los delitos que se realizan en detrimento de la sociedad, y lograr la captura de quienes los cometen.<\/p>\n<p>La Fiscal\u00eda del Estado reitera que es importante la colaboraci\u00f3n de la sociedad mediante sus denuncias an\u00f3nimas, por ello se exhorta a la realizaci\u00f3n de las mismas a trav\u00e9s de la l\u00ednea 089 y 911 para reportes de emergencia.<\/p>\n<p>&nbsp;<\/p>\n","protected":false},"excerpt":{"rendered":"<p>+Los detuvieron en Guadalajara por hechos ocurridos hace seis a\u00f1os. Por el delito de Robo Calificado en los t\u00e9rminos de autor\u00eda y participaci\u00f3n, asociaci\u00f3n delictuosa en su modalidad de delincuencia organizada, dos personas de origen colombiano fueron capturadas en acatamiento a la Orden de Aprehensi\u00f3n que hab\u00eda en su contra, por hechos ocurridos en la&#8230;<\/p>\n","protected":false},"author":2,"featured_media":6141,"comment_status":"open","ping_status":"open","sticky":false,"template":"","format":"standard","meta":{"footnotes":""},"categories":[15],"tags":[29,30,28],"class_list":["post-6140","post","type-post","status-publish","format-standard","has-post-thumbnail","hentry","category-seguridad-y-justicia","tag-grid","tag-news","tag-slider"],"_links":{"self":[{"href":"http:\/\/elobservatorio.com.mx\/index.php?rest_route=\/wp\/v2\/posts\/6140"}],"collection":[{"href":"http:\/\/elobservatorio.com.mx\/index.php?rest_route=\/wp\/v2\/posts"}],"about":[{"href":"http:\/\/elobservatorio.com.mx\/index.php?rest_route=\/wp\/v2\/types\/post"}],"author":[{"embeddable":true,"href":"http:\/\/elobservatorio.com.mx\/index.php?rest_route=\/wp\/v2\/users\/2"}],"replies":[{"embeddable":true,"href":"http:\/\/elobservatorio.com.mx\/index.php?rest_route=%2Fwp%2Fv2%2Fcomments&post=6140"}],"version-history":[{"count":0,"href":"http:\/\/elobservatorio.com.mx\/index.php?rest_route=\/wp\/v2\/posts\/6140\/revisions"}],"wp:featuredmedia":[{"embeddable":true,"href":"http:\/\/elobservatorio.com.mx\/index.php?rest_route=\/wp\/v2\/media\/6141"}],"wp:attachment":[{"href":"http:\/\/elobservatorio.com.mx\/index.php?rest_route=%2Fwp%2Fv2%2Fmedia&parent=6140"}],"wp:term":[{"taxonomy":"category","embeddable":true,"href":"http:\/\/elobservatorio.com.mx\/index.php?rest_route=%2Fwp%2Fv2%2Fcategories&post=6140"},{"taxonomy":"post_tag","embeddable":true,"href":"http:\/\/elobservatorio.com.mx\/index.php?rest_route=%2Fwp%2Fv2%2Ftags&post=6140"}],"curies":[{"name":"wp","href":"https:\/\/api.w.org\/{rel}","templated":true}]}}