{"id":6149,"date":"2019-07-16T18:46:22","date_gmt":"2019-07-16T18:46:22","guid":{"rendered":"http:\/\/elobservatorio.com.mx\/tumbaran-concesiones-de-gruas-el-usuario-elegira-el-servicio-de-manera-libre-regidor-chopo"},"modified":"2019-07-16T18:46:22","modified_gmt":"2019-07-16T18:46:22","slug":"tumbaran-concesiones-de-gruas-el-usuario-elegira-el-servicio-de-manera-libre-regidor-chopo","status":"publish","type":"post","link":"http:\/\/elobservatorio.com.mx\/?p=6149","title":{"rendered":"Tumbar\u00e1n concesiones de gr\u00faas, el usuario elegir\u00e1 el servicio de manera libre: Regidor Chopo"},"content":{"rendered":"<p><em>*El regidor Jos\u00e9 Ma Rodr\u00edguez Silva, inform\u00f3 que se reuni\u00f3 la comisi\u00f3n de seguridad p\u00fablica del cabildo con la Secretar\u00eda de Movilidad y el jur\u00eddico del ayuntamiento, y se determin\u00f3 que legalmente el ayuntamiento no puede dar concesiones de servicios de gr\u00faas <\/em><\/p>\n<p>Belisario Romero | El Observatorio<\/p>\n<p>Tecom\u00e1n Col.- Estamos elaborando una dictamen por parte de la direcci\u00f3n de seguridad p\u00fablica, en que se le asigne la designaci\u00f3n de las concesiones del servicio de gr\u00faas a la Secretar\u00eda de Movilidad, ya\u00a0 que es la facultada para otorgarlas, lo anterior lo inform\u00f3 el regidor Jos\u00e9 Mar\u00eda Rodr\u00edguez Silva, mejor conocido como \u00abEl Chopo\u00bb.<\/p>\n<p>Agreg\u00f3 que ayer (15), precisamente se sostuvo una reuni\u00f3n con los de movilidad, el \u00e1rea jur\u00eddica del ayuntamiento y quienes conforman\u00a0 la comisi\u00f3n de seguridad, en donde se lograron acuerdos, se vio la ley, el fundamento legal\u00a0 y ahora lo que nos corresponde como ayuntamiento, es s\u00f3lo\u00a0 un tema de colaboraci\u00f3n de que como ayuntamiento s\u00f3lo nos toca poner las pensiones para el deposito de\u00a0 los veh\u00edculos.<\/p>\n<p>\u00abrealmente quien rige las concesiones de las gr\u00faas es la secretar\u00eda de Movilidad, por nuestra parte haremos lo que nos corresponde\u00a0 y al final de cuentas el ciudadano en si, es el que notar\u00e1 una diferencia cuando lamentablemente tenga un accidente, notar\u00e1 que no habr\u00e1 m\u00e1s atropellos, de que si la persona ya est\u00e1 en un problema no meterla a otro, o que se quieran aprovechar de\u00a0 la situaci\u00f3n\u00bb.<\/p>\n<p>Record\u00f3 que ya se tuvo un pasado en donde los ciudadanos eran atropellados por la autoridad\u00a0 en complicidad con algunos prestadores de servicios, y ya no queremos eso, queremos que el ciudadano sienta el apoyo y que seamos facilitadores en darle un mejor servicio en las gr\u00faas, asever\u00f3<\/p>\n<p>Asimismo coment\u00f3 que como parte de esas acciones de cambios, se instalar\u00e1 un buz\u00f3n en seguridad p\u00fablica para que la persona que se vea atropellada, o se le haya pedido incurrir en alg\u00fan acto de corrupci\u00f3n,\u00a0 con toda la confianza se acerque a la direcci\u00f3n para hacer lo correspondiente, sin titubeos.<\/p>\n<p>\u00abqueremos que a partir de que se le de otra cara al servicio de gr\u00faas y todo lo que corresponde a seguridad\u00a0 y vialidad, se acerque y a trav\u00e9s de esos buzones la gente\u00a0 participe y empiece a notar el cambio, pero que sobretodo que la gente elija libremente qu\u00e9 servicio de gr\u00faa quiere, siempre y cuando respetando la libertad y la libre competencia\u00bb.<\/p>\n<p>El regidor abund\u00f3 que no se tiene porque estarle imponiendo a le gente un servicio que no sabemos si es buena o mala calidad, pues cuando hay un accidente se deben cuidar las pertenencias de las personas, el cuidado del veh\u00edculo en el arrastre y la responsabilidad de no afectar m\u00e1s el veh\u00edculo.<\/p>\n<p>YA INVESTIGA EN DONDE EST\u00c1 EL DINERO DE PENSIONES DE POLIC\u00cdAS<\/p>\n<p>Referente al asunto\u00a0 de las retenciones de las pensiones que se est\u00e1n haciendo a los de seguridad p\u00fablica,\u00a0 ya un abogado de mi comisi\u00f3n est\u00e1 atendiendo e investigando para dar con el hilo negro,\u00a0 para saber en d\u00f3nde puede estar atorado el recurso de pensiones a los trabajadores, y en unos d\u00edas m\u00e1s les estaremos dando una respuesta para que se acabe esa incertidumbre, finaliz\u00f3<\/p>\n","protected":false},"excerpt":{"rendered":"<p>*El regidor Jos\u00e9 Ma Rodr\u00edguez Silva, inform\u00f3 que se reuni\u00f3 la comisi\u00f3n de seguridad p\u00fablica del cabildo con la Secretar\u00eda de Movilidad y el jur\u00eddico del ayuntamiento, y se determin\u00f3 que legalmente el ayuntamiento no puede dar concesiones de servicios de gr\u00faas Belisario Romero | El Observatorio Tecom\u00e1n Col.- Estamos elaborando una dictamen por parte&#8230;<\/p>\n","protected":false},"author":2,"featured_media":6150,"comment_status":"open","ping_status":"open","sticky":false,"template":"","format":"standard","meta":{"footnotes":""},"categories":[8,34],"tags":[29,30,28],"class_list":["post-6149","post","type-post","status-publish","format-standard","has-post-thumbnail","hentry","category-municipios","category-tecoman","tag-grid","tag-news","tag-slider"],"_links":{"self":[{"href":"http:\/\/elobservatorio.com.mx\/index.php?rest_route=\/wp\/v2\/posts\/6149"}],"collection":[{"href":"http:\/\/elobservatorio.com.mx\/index.php?rest_route=\/wp\/v2\/posts"}],"about":[{"href":"http:\/\/elobservatorio.com.mx\/index.php?rest_route=\/wp\/v2\/types\/post"}],"author":[{"embeddable":true,"href":"http:\/\/elobservatorio.com.mx\/index.php?rest_route=\/wp\/v2\/users\/2"}],"replies":[{"embeddable":true,"href":"http:\/\/elobservatorio.com.mx\/index.php?rest_route=%2Fwp%2Fv2%2Fcomments&post=6149"}],"version-history":[{"count":0,"href":"http:\/\/elobservatorio.com.mx\/index.php?rest_route=\/wp\/v2\/posts\/6149\/revisions"}],"wp:featuredmedia":[{"embeddable":true,"href":"http:\/\/elobservatorio.com.mx\/index.php?rest_route=\/wp\/v2\/media\/6150"}],"wp:attachment":[{"href":"http:\/\/elobservatorio.com.mx\/index.php?rest_route=%2Fwp%2Fv2%2Fmedia&parent=6149"}],"wp:term":[{"taxonomy":"category","embeddable":true,"href":"http:\/\/elobservatorio.com.mx\/index.php?rest_route=%2Fwp%2Fv2%2Fcategories&post=6149"},{"taxonomy":"post_tag","embeddable":true,"href":"http:\/\/elobservatorio.com.mx\/index.php?rest_route=%2Fwp%2Fv2%2Ftags&post=6149"}],"curies":[{"name":"wp","href":"https:\/\/api.w.org\/{rel}","templated":true}]}}