{"id":615,"date":"2018-11-26T22:50:01","date_gmt":"2018-11-26T22:50:01","guid":{"rendered":"http:\/\/elobservatorio.com.mx\/felipe-cruz-y-rector-de-la-udec-acuerdan-trabajar-en-bien-de-villalvarenses"},"modified":"2018-11-26T22:50:01","modified_gmt":"2018-11-26T22:50:01","slug":"felipe-cruz-y-rector-de-la-udec-acuerdan-trabajar-en-bien-de-villalvarenses","status":"publish","type":"post","link":"http:\/\/elobservatorio.com.mx\/?p=615","title":{"rendered":"Felipe Cruz y Rector de la UdeC Acuerdan trabajar en Bien de Villalvarenses"},"content":{"rendered":"<p><em>*En breve firmar\u00e1n acuerdo sobre l\u00edneas de trabajo a desarrollar en el municipio<\/em><\/p>\n<p>El Presidente Municipal de Villa de \u00c1lvarez, Felipe Cruz Calvario, y el rector de la Universidad de Colima, Eduardo Hern\u00e1ndez Nava, acordaron trabajar en bien de los villalvarenses, a partir de una agenda que firmar\u00e1n, en breve.<\/p>\n<p>Durante una reuni\u00f3n de trabajo, en la oficina de Rector\u00eda, Cruz Calvario y Hern\u00e1ndez Nava abordaron algunos temas sobre los que firmar\u00e1n convenio de trabajo conjunto, concretamente educaci\u00f3n vial, turismo y cultura, en las que destaca el refrendo de firma relacionado con las esculturas de Rafael Zamarripa, ubicadas en el camell\u00f3n central de la vialidad del Tercer Anillo Perif\u00e9rico.<\/p>\n<p>En esta reuni\u00f3n, en la que estuvieron funcionarios de la Universidad de Colima, Felipe Cruz fue acompa\u00f1ado por la Secretaria del Ayuntamiento M\u00f3nica Guti\u00e9rrez Mendoza.<\/p>\n<p>&nbsp;<\/p>\n","protected":false},"excerpt":{"rendered":"<p>*En breve firmar\u00e1n acuerdo sobre l\u00edneas de trabajo a desarrollar en el municipio El Presidente Municipal de Villa de \u00c1lvarez, Felipe Cruz Calvario, y el rector de la Universidad de Colima, Eduardo Hern\u00e1ndez Nava, acordaron trabajar en bien de los villalvarenses, a partir de una agenda que firmar\u00e1n, en breve. Durante una reuni\u00f3n de trabajo,&#8230;<\/p>\n","protected":false},"author":2,"featured_media":616,"comment_status":"open","ping_status":"open","sticky":false,"template":"","format":"standard","meta":{"footnotes":""},"categories":[8,42],"tags":[29,30,28],"class_list":["post-615","post","type-post","status-publish","format-standard","has-post-thumbnail","hentry","category-municipios","category-villa-de-alvarez","tag-grid","tag-news","tag-slider"],"_links":{"self":[{"href":"http:\/\/elobservatorio.com.mx\/index.php?rest_route=\/wp\/v2\/posts\/615"}],"collection":[{"href":"http:\/\/elobservatorio.com.mx\/index.php?rest_route=\/wp\/v2\/posts"}],"about":[{"href":"http:\/\/elobservatorio.com.mx\/index.php?rest_route=\/wp\/v2\/types\/post"}],"author":[{"embeddable":true,"href":"http:\/\/elobservatorio.com.mx\/index.php?rest_route=\/wp\/v2\/users\/2"}],"replies":[{"embeddable":true,"href":"http:\/\/elobservatorio.com.mx\/index.php?rest_route=%2Fwp%2Fv2%2Fcomments&post=615"}],"version-history":[{"count":0,"href":"http:\/\/elobservatorio.com.mx\/index.php?rest_route=\/wp\/v2\/posts\/615\/revisions"}],"wp:featuredmedia":[{"embeddable":true,"href":"http:\/\/elobservatorio.com.mx\/index.php?rest_route=\/wp\/v2\/media\/616"}],"wp:attachment":[{"href":"http:\/\/elobservatorio.com.mx\/index.php?rest_route=%2Fwp%2Fv2%2Fmedia&parent=615"}],"wp:term":[{"taxonomy":"category","embeddable":true,"href":"http:\/\/elobservatorio.com.mx\/index.php?rest_route=%2Fwp%2Fv2%2Fcategories&post=615"},{"taxonomy":"post_tag","embeddable":true,"href":"http:\/\/elobservatorio.com.mx\/index.php?rest_route=%2Fwp%2Fv2%2Ftags&post=615"}],"curies":[{"name":"wp","href":"https:\/\/api.w.org\/{rel}","templated":true}]}}