{"id":6168,"date":"2019-07-16T23:47:46","date_gmt":"2019-07-16T23:47:46","guid":{"rendered":"http:\/\/elobservatorio.com.mx\/los-primeros-constituyentes-de-colima-%e2%80%93"},"modified":"2019-07-16T23:47:46","modified_gmt":"2019-07-16T23:47:46","slug":"los-primeros-constituyentes-de-colima-%e2%80%93","status":"publish","type":"post","link":"http:\/\/elobservatorio.com.mx\/?p=6168","title":{"rendered":"LOS PRIMEROS CONSTITUYENTES DE COLIMA. \u2013"},"content":{"rendered":"<p><strong>VISLUMBRES<\/strong><\/p>\n<p><em>Abelardo Ahumada<\/em><\/p>\n<p>El pr\u00f3ximo viernes 19 de julio se cumplir\u00e1n 162 a\u00f1os de que se instal\u00f3 en Colima la Primera Legislatura Estatal, a cuyo cargo estuvo la integraci\u00f3n del articulado que formar\u00eda la base del cuerpo de la tambi\u00e9n primera Constituci\u00f3n Local. Motivo m\u00e1s que suficiente para ocuparnos hoy de este tema, al que, si hubiera necesidad de titularlo de alg\u00fan modo, le tendr\u00eda que poner algo as\u00ed como \u201c<em>La conformaci\u00f3n de los partidos Liberal y Conservador en Colima, y las sangrientas consecuencias que de ello se derivaron\u201d<\/em> o, tal vez mejor, \u201c<em>Las circunstancias socio-pol\u00edticas y militares que prevalec\u00edan en Colima hasta el momento en que la Primera Legislatura Estatal se instal\u00f3\u201d.<\/em><\/p>\n<p>Pero para que todo se entienda un poco mejor, me parece muy necesario hacer un breve repaso de lo m\u00e1s importante que sucedi\u00f3 en Territorio de Colima en los tiempos que nuestros tatarabuelos (y los pap\u00e1s de ellos) poblaban esta verde regi\u00f3n:<\/p>\n<p>Comenzar\u00e9 por decir que tres a\u00f1os despu\u00e9s de que se dieron por concluidas las luchas por la Independencia, se realiz\u00f3 el Primer Congreso Constituyente a nivel nacional (al que acudi\u00f3 como diputado por Colima el padre Jos\u00e9 Mar\u00eda Ger\u00f3nimo Arzac, cura de Almoloyan), y se promulg\u00f3 (en 1824) la Primera Constituci\u00f3n que M\u00e9xico se dio para regir su vida.<\/p>\n<p>En ese Congreso el diputado Arzac intent\u00f3 muchas veces que Colima (que ya ten\u00eda 35 a\u00f1os de estar sometida a la Intendencia de Guadalajara) quedara como uno de los estados que conformar\u00edan al nuevo pa\u00eds, pero sus poblaciones no pudieron completar el n\u00famero de habitantes que se requer\u00eda, y tampoco tuvieron los recursos suficientes para solventar los gastos de un aparato estatal. De manera que s\u00f3lo qued\u00f3, libre ya de la hegemon\u00eda de Jalisco, como Territorio [dependiente] de la Federaci\u00f3n. Y as\u00ed continu\u00f3 si\u00e9ndolo hasta que los constituyentes de 1856, lo elevaron a la categor\u00eda de Estado, apareciendo ya as\u00ed, en la Constituci\u00f3n Mexicana que se promulg\u00f3 el 5 de febrero de 1857.<\/p>\n<p>GOBIERNOS TRANSITORIOS. \u2013<\/p>\n<p>En aquella \u00e9poca, sin embargo, la Naci\u00f3n no ten\u00eda a\u00fan un rumbo muy definido, y las luchas, las desavenencias, los madruguetes, las asonadas y los cuartelazos eran cosa frecuentemente para encumbrar o quitar a los presidentes de la rep\u00fablica.<\/p>\n<p>El Territorio de Colima no pod\u00eda escapar a esas convulsiones y sus principales gobernantes, conocidos como Jefes Pol\u00edticos, eran puestos y quitados al antojo de los sucesivos y cambiantes presidentes. Debiendo agregar nosotros que dichos Jefes Pol\u00edticos del Territorio fung\u00edan, a la vez, como alcaldes de la peque\u00f1\u00edsima ciudad capital.<\/p>\n<p>Y todo esto suced\u00eda porque, como bien se sabe, hab\u00eda al menos tres diferentes corrientes de pensamiento pol\u00edtico-ideol\u00f3gico que pugnaban por establecer el mejor tipo de gobierno que a cada una de esas corrientes consideraba: unos que pugnaban por una confederaci\u00f3n de estados; otros por un gobierno republicano, pero central, y otros que finalmente so\u00f1aban o a\u00f1oraban un gobierno mon\u00e1rquico.<\/p>\n<p>Cada una de estas tres fuertes corrientes ten\u00eda sus propios ide\u00f3logos y seguidores, y se fueron sentando las bases para que, a mediados del siglo XIX, ya estuviesen suficientemente conformados y distinguibles, en la ciudad de M\u00e9xico y en las capitales de los estados, dos partidos totalmente opuestos en sus planteamientos, mientras que un grueso n\u00famero de paisanos que, por\u00a0 vivir en pueblos casi totalmente incomunicados, por radicar en ranchos y aldeas, por carecer del alfabeto o por vivir afanados en conseguir el sustento diario, no s\u00f3lo \u00a0no estaban enterados ni preocupados por los asuntos de car\u00e1cter pol\u00edtico\u00a0 de los que estamos hablando, sino que hab\u00eda algunos que ni siquiera sab\u00edan que viv\u00edan en un pa\u00eds llamado M\u00e9xico, y que en algunas partes de aqu\u00e9l hubiese \u201cliberales puros\u201d y \u201cconservadores extremos\u201d que se peleaban a muerte. No siendo por menos que, un observador colimote, que se llamaba Ignacio Rodr\u00edguez, escribir\u00eda unos a\u00f1os despu\u00e9s:<\/p>\n<p>\u201cEsta fue la \u00e9poca en que se debat\u00edan en la Rep\u00fablica, furiosamente con las armas en la mano, en la tribuna y en la prensa, los partidos liberal y conservador, por tantos a\u00f1os en pugna y que tanta sangre costaron al pa\u00eds\u201d.<a href=\"#_ftn1\" name=\"_ftnref1\">[1]<\/a><\/p>\n<p>LAS CIRCUNSTANCIAS LOCALES. \u2013<\/p>\n<p>Pero lo que suced\u00eda en ese sentido en la capital, y en los estados m\u00e1s grandes, ten\u00eda, por fuerza, tambi\u00e9n su rebote en Colima, y as\u00ed lleg\u00f3 1854, a\u00f1o en que se desencaden\u00f3 la Revoluci\u00f3n de Ayutla en contra de la dictadura del Gral. Antonio L\u00f3pez de Santa Anna, mismo que durante las once ocasiones que fue presidente, puso, quit\u00f3 y manej\u00f3 a su antojo, a un mont\u00f3n de Jefes Pol\u00edticos del Territorio de Colima que obviamente le deb\u00edan el cargo y a veces lo repudiaban.<\/p>\n<p>Varios de esos interesantes personajes pugnaban, casi del mismo modo que hoy, por ejercer el poder pol\u00edtico y por dirigir los destinos de aquel peque\u00f1o tri\u00e1ngulo geogr\u00e1fico que apenas sobrepasaba los 60 mil habitantes, distribuidos en un par de Distritos, llamados Colima y Almoloyan.<\/p>\n<p>La cabecera del Distrito de Colima contaba con 31,774 habitantes, y la cabecera del Distrito de Almoloyan (hoy Villa de \u00c1lvarez), con s\u00f3lo 5,163 habitantes dispersos en numerosos barrios de grandes huertas y solares, mientras que el resto de la poblaci\u00f3n se distribu\u00eda en 13 pueblos (entre los que curiosamente todav\u00eda se mencionaban Tecalitl\u00e1n y Jilotl\u00e1n, hoy de Jalisco), m\u00e1s 13 congregaciones, 20 haciendas y un buen mont\u00f3n de peque\u00f1os ranchos.<a href=\"#_ftn2\" name=\"_ftnref2\">[2]<\/a><\/p>\n<p>Entre estos Jefes Pol\u00edticos a que me refiero, hubo algunos individuos notables que repitieron en el cargo por dos o m\u00e1s veces: por ejemplo, don Ignacio de la Madrid, lo fue tres ocasiones, entre 1846 y 1847; don Ruperto Arzac, sobrino del padre Jos\u00e9 Mar\u00eda Jer\u00f3nimo Arzac, dos veces en 1847; Ram\u00f3n de la Vega, en cuatro ocasiones desde 1848 hasta 1851; don Jos\u00e9 Mar\u00eda Guti\u00e9rrez, cuatro veces tambi\u00e9n entre 1849 y 1852; don Francisco Ponce de Le\u00f3n, dos ocasiones entre 1854 y 1855 y, por supuesto, don Manuel \u00c1lvarez, tres ocasiones tambi\u00e9n, entre 1850 y 1857.<a href=\"#_ftn3\" name=\"_ftnref3\">[3]<\/a><\/p>\n<p>Como individuos inmersos en la \u00e9poca que les toc\u00f3 vivir, y como pol\u00edticos que residieron en un Territorio dependiente de la Federaci\u00f3n, los personajes que ya mencion\u00e9 se mov\u00edan, queriendo y no, al vaiv\u00e9n de las oleadas que impulsaban los partidos en pugna, y con un ritmo similar fueron tomando tambi\u00e9n posiciones extremas, unos hacia el bando liberal, otros hacia el conservador, mientras que algunos, m\u00e1s listos o prudentes, se manten\u00edan nadando entre dos aguas.<\/p>\n<p>Un caso muy singular lo represent\u00f3, en este sentido, don Manuel \u00c1lvarez Zamora, quien la pen\u00faltima vez que ejerci\u00f3 la Jefatura Pol\u00edtica del Territorio de Colima, la recibi\u00f3 (igual que varios otros de los mencionados), del Gral. Antonio L\u00f3pez de Santa Anna, ya convertido en dictador, y la \u00faltima del Gral. Ignacio Comonfort, jefe militar de la Revoluci\u00f3n de Ayutla, por lo que no se puede afirmar, como lo han hecho algunos colegas, que desde el principio de su carrera pol\u00edtica haya sido liberal, sino que acab\u00f3 si\u00e9ndolo.<\/p>\n<p>LA REVOLUCI\u00d3N DE AYUTLA Y SU REPERCUSI\u00d3N EN COLIMA. \u2013<\/p>\n<p>Independientemente, sin embargo, de c\u00f3mo, o de cu\u00e1l haya sido el proceso que, para encumbrarse, sigui\u00f3 cada uno de los principales actores pol\u00edticos que mencion\u00e9, el hecho fue que, en 1854, cuando estall\u00f3 la Revoluci\u00f3n de Ayutla, ya estaban bastante bien definidas las posiciones de los individuos m\u00e1s connotados de la peque\u00f1a Colima y, por ende, el Gral. Francisco S\u00e1nchez, Jefe Pol\u00edtico y Militar en aquel momento, apoyado por los generales retirados Francisco Ponce de Le\u00f3n y Jos\u00e9 Mar\u00eda Mendoza, \u201cun colimense muy popular\u201d \u2013seg\u00fan Ignacio Ram\u00edrez-,<a href=\"#_ftn4\" name=\"_ftnref4\">[4]<\/a> tom\u00f3 parte en las luchas que, para defenderse de los revolucionarios, emprendi\u00f3 el Gral. Antonio L\u00f3pez de Santa Anna, mientras que, en la contraparte, don Manuel \u00c1lvarez y don Ram\u00f3n de la Vega expresaron sus simpat\u00edas por el contenido del Plan de Ayutla y tomaron sus posiciones como las cabezas visibles del partido liberal.<\/p>\n<p>En ese nuevo contexto cabe mencionar que un d\u00eda de a mediados de julio de 1855, las fuerzas revolucionarias de Michoac\u00e1n y Guerrero, encabezadas respectivamente por don Santos Degollado y por el Gral. Ignacio Comonfort, atacaron a la guarnici\u00f3n de la plaza de Zapotl\u00e1n el Grande y, una vez derrotada, \u201cse les permiti\u00f3 a los soldados el saqueo durante dos horas, sin ninguna restricci\u00f3n\u201d. Por lo que no pocos de los habitantes y soldados santanistas que pudieron escapar, se fueron por el Camino Real, directo a Colima, llevando la ingrata noticia de lo que les hab\u00eda pasado.<\/p>\n<p>La noticia puso en advertencia al Gral. Francisco S\u00e1nchez, quien apost\u00f3 vig\u00edas en el Camino de las Barrancas y, por eso, en cuanto, temprano el d\u00eda 29, uno de ellos galop\u00f3 para avisarle que una gruesa columna militar se dirig\u00eda hacia Colima, el Jefe Pol\u00edtico convoc\u00f3 a una reuni\u00f3n urgente del Cabildo \u201cy los principales de la ciudad\u201d, para decidir qu\u00e9 har\u00edan ante la inminente llegada del aquel gran contingente del Ej\u00e9rcito Restaurador de la Libertad<a href=\"#_ftn5\" name=\"_ftnref5\">[5]<\/a> (como lo nombraban los revolucionarios de Ayutla). Resolviendo con enorme prudencia la rendici\u00f3n de la plaza, y poder evitar el derramamiento de sangre.<a href=\"#_ftn6\" name=\"_ftnref6\">[6]<\/a><\/p>\n<p>LA INSTALACI\u00d3N DE \u201cLA JUNTA CONSTITUYENTE. \u2013<\/p>\n<p>Antes de proceder al ataque de la guarnici\u00f3n de Colima, el Gral. Comonfort (que ven\u00eda acompa\u00f1ado por don Santos Degollado, gobernador de Michoac\u00e1n, y por el licenciado Pedro Ogaz\u00f3n, futuro gobernador de Jalisco), envi\u00f3 un mensaje al Gral. S\u00e1nchez, intim\u00e1ndolo a la rendici\u00f3n. Mensaje que fue respondido positivamente, y ese mismo d\u00eda, m\u00e1s tarde, los revolucionarios pudieron tomar la plaza sin gastar un solo cartucho.<\/p>\n<p>Podemos leg\u00edtimamente suponer que, despu\u00e9s de haberse cumplido el protocolo formal de la rendici\u00f3n, el Gral. Comonfort debi\u00f3 de haberse reunido con los colimenses que simpatizaban con el Plan de Ayutla, por lo que, el d\u00eda 30, ya m\u00e1s enterado de los asuntos locales, emiti\u00f3 un importante Decreto con miras a establecer y normar la legalidad del Territorio de Colima, del cual citar\u00e9 algunos art\u00edculos por considerar que tal documento es el antecedente m\u00e1s fresco y directo de la existencia del Congreso Local:<\/p>\n<p>\u201cIgnacio Comonfort, General en Jefe de la Divisi\u00f3n del Interior, perteneciente al Ej\u00e9rcito Restaurador de la Libertad, a los habitantes de Colima, sabed:<\/p>\n<p>Que en uso de las amplias facultades de que me hallo investido, y deseoso de reorganizar este Territorio, de poner a los ciudadanos en posesi\u00f3n del derecho de gobernarse a s\u00ed mismos, de restituir la seguridad y la confianza p\u00fablica, he tenido a bien decretar lo siguiente:<\/p>\n<p>Art. 1\u00ba.- Se restablece la jefatura pol\u00edtica del Territorio de Colima, y la desempe\u00f1ar\u00e1 interinamente el Sr. Don Manuel \u00c1lvarez, presentando el juramento de estilo en este cuartel general.<\/p>\n<p>Art.\u00a0 2\u00ba [\u2026]<\/p>\n<p>Art. 3\u00ba.- Se establece la Junta Constituyente que previene el Art. 4\u00ba del Plan de Ayutla, <strong>para que forme el Estatuto Org\u00e1nico del Territorio<\/strong>, y sus vocales ser\u00e1n los siguientes: Propietarios, se\u00f1ores don Ram\u00f3n de la Vega, don Liberato Maldonado, licenciado don Carlos Mar\u00eda Saavedra, licenciado don Francisco Vaca y licenciado don Anselmo Cano [\u2026]<\/p>\n<p>Art. 4\u00ba.- La Junta de que habla el art\u00edculo anterior comenzar\u00e1 desde luego a funcionar y se instalar\u00e1 hoy mismo, nombrando de su seno un presidente y un secretario. El se\u00f1or general don Santos Degollado presidir\u00e1 la instalaci\u00f3n a nombre del cuartel general y comunicar\u00e1 las instrucciones que necesiten los se\u00f1ores vocales de la Junta [\u2026]<\/p>\n<p>Dado en el cuartel general de Colima, a 30 de julio de 1855. (Y lo firman, Ignacio Comonfort y el Lic. Pedro Ogaz\u00f3n, como Secretario).<a href=\"#_ftn7\" name=\"_ftnref7\">[7]<\/a><\/p>\n<p>Y yo afirmo que este Decreto fue el \u201cantecedente m\u00e1s fresco y directo de la existencia del Congreso Local\u201d, porque el 19 de julio de 1857, cuando se convoc\u00f3 a las elecciones para instalar la Primera Legislatura, tres de los ciudadanos que el Gral. Ignacio Comonfort integr\u00f3 a la mencionada Junta Constituyente, fueron electos como diputados. Pero no nos adelantemos\u2026 Continuar\u00e1.<\/p>\n<p><a href=\"#_ftnref1\" name=\"_ftn1\">[1]<\/a> Ignacio Rodr\u00edguez, op. cit., p. 49.<\/p>\n<p><a href=\"#_ftnref2\" name=\"_ftn2\">[2]<\/a> <em>Ensayo Estad\u00edstico sobre el Estado de Colima mandado publicar por [don Ram\u00f3n R. de la Vega y] la muy ilustre municipalidad de la capital del mismo Territorio.<\/em> M\u00e9xico, 1849, p\u00e1gs. 19-25, de la versi\u00f3n que mand\u00f3 reproducir el Profr. Genaro Hern\u00e1ndez Corona en octubre de 2012. En ese texto se contabiliz\u00f3 un total de 61, 243 habitantes, seg\u00fan el \u00faltimo c\u00e1lculo hecho en 1846.<\/p>\n<p><a href=\"#_ftnref3\" name=\"_ftn3\">[3]<\/a> Rodr\u00edguez Castellanos, Jos\u00e9 Mar\u00eda, <em>Gobernantes de Colima, 1522-1916<\/em>, impreso por el Club del Libro Colimense, M\u00e9xico, 1977.<\/p>\n<p><a href=\"#_ftnref4\" name=\"_ftn4\">[4]<\/a> Op. cit., p. 49.<\/p>\n<p><a href=\"#_ftnref5\" name=\"_ftn5\">[5]<\/a> Cr\u00f3nica de la \u00e9poca, publicada en el peri\u00f3dico <em>La Luz de la Libertad<\/em>, impreso en Colima el 11 de agosto de 1855, citada por Aguayo Figueroa, Ismael, <em>La Reforma, Colima en la Historia de M\u00e9xico, T. V<\/em>, Colima, 1973, p. 29.<\/p>\n<p><a href=\"#_ftnref6\" name=\"_ftn6\">[6]<\/a> Cr\u00f3nica referida de <em>La Luz de la Libertad<\/em>.<\/p>\n<p><a href=\"#_ftnref7\" name=\"_ftn7\">[7]<\/a> <em>La Luz de la Libertad<\/em>. En Aguayo, p. 22-23.<\/p>\n<p><img loading=\"lazy\" decoding=\"async\" class=\"alignnone wp-image-6169 size-medium\" src=\"http:\/\/noticiastecoman.com.mx\/wp-content\/uploads\/2019\/07\/01-Santa-Anna-212x300.png\" alt=\"\" width=\"212\" height=\"300\" srcset=\"http:\/\/elobservatorio.com.mx\/wp-content\/uploads\/2019\/07\/01-Santa-Anna-212x300.png 212w, http:\/\/elobservatorio.com.mx\/wp-content\/uploads\/2019\/07\/01-Santa-Anna-300x423.png 300w, http:\/\/elobservatorio.com.mx\/wp-content\/uploads\/2019\/07\/01-Santa-Anna.png 636w\" sizes=\"(max-width: 212px) 100vw, 212px\" \/><\/p>\n<p>Pie de foto:Durante su d\u00e9cima primera participaci\u00f3n como presidente de la rep\u00fablica, Santa Anna actu\u00f3 como un dictador y provoc\u00f3 una revoluci\u00f3n en su contra.<\/p>\n<p><img loading=\"lazy\" decoding=\"async\" class=\"alignnone wp-image-6170 size-medium\" src=\"http:\/\/noticiastecoman.com.mx\/wp-content\/uploads\/2019\/07\/02-Comonfort-229x300.jpg\" alt=\"\" width=\"229\" height=\"300\" srcset=\"http:\/\/elobservatorio.com.mx\/wp-content\/uploads\/2019\/07\/02-Comonfort-229x300.jpg 229w, http:\/\/elobservatorio.com.mx\/wp-content\/uploads\/2019\/07\/02-Comonfort.jpg 500w\" sizes=\"(max-width: 229px) 100vw, 229px\" \/><\/p>\n<p>Pie de foto: El 29 de julio de 1855, el general revolucionario Ignacio Comonfort, entr\u00f3 en Colima, disolvi\u00f3 la guarnici\u00f3n conservadora e integr\u00f3 una Junta Constituyente local.<\/p>\n<p><img loading=\"lazy\" decoding=\"async\" class=\"alignnone size-medium wp-image-6171\" src=\"http:\/\/noticiastecoman.com.mx\/wp-content\/uploads\/2019\/07\/03-Manuel-\u00c1lvarez-262x300.jpg\" alt=\"\" width=\"262\" height=\"300\" srcset=\"http:\/\/elobservatorio.com.mx\/wp-content\/uploads\/2019\/07\/03-Manuel-\u00c1lvarez-262x300.jpg 262w, http:\/\/elobservatorio.com.mx\/wp-content\/uploads\/2019\/07\/03-Manuel-\u00c1lvarez.jpg 500w\" sizes=\"(max-width: 262px) 100vw, 262px\" \/><\/p>\n<p>Pie de foto: A don Manuel \u00c1lvarez Zamora, comerciante en funciones y comandante ya retirado de las Milicias Insurgentes, le toc\u00f3 recibir la encomienda de ser Jefe Pol\u00edtico del Territorio de Colima.<\/p>\n<p>&nbsp;<\/p>\n","protected":false},"excerpt":{"rendered":"<p>VISLUMBRES Abelardo Ahumada El pr\u00f3ximo viernes 19 de julio se cumplir\u00e1n 162 a\u00f1os de que se instal\u00f3 en Colima la Primera Legislatura Estatal, a cuyo cargo estuvo la integraci\u00f3n del articulado que formar\u00eda la base del cuerpo de la tambi\u00e9n primera Constituci\u00f3n Local. Motivo m\u00e1s que suficiente para ocuparnos hoy de este tema, al que,&#8230;<\/p>\n","protected":false},"author":2,"featured_media":6169,"comment_status":"open","ping_status":"open","sticky":false,"template":"","format":"standard","meta":{"footnotes":""},"categories":[11],"tags":[29,30,28],"class_list":["post-6168","post","type-post","status-publish","format-standard","has-post-thumbnail","hentry","category-opinion","tag-grid","tag-news","tag-slider"],"_links":{"self":[{"href":"http:\/\/elobservatorio.com.mx\/index.php?rest_route=\/wp\/v2\/posts\/6168"}],"collection":[{"href":"http:\/\/elobservatorio.com.mx\/index.php?rest_route=\/wp\/v2\/posts"}],"about":[{"href":"http:\/\/elobservatorio.com.mx\/index.php?rest_route=\/wp\/v2\/types\/post"}],"author":[{"embeddable":true,"href":"http:\/\/elobservatorio.com.mx\/index.php?rest_route=\/wp\/v2\/users\/2"}],"replies":[{"embeddable":true,"href":"http:\/\/elobservatorio.com.mx\/index.php?rest_route=%2Fwp%2Fv2%2Fcomments&post=6168"}],"version-history":[{"count":0,"href":"http:\/\/elobservatorio.com.mx\/index.php?rest_route=\/wp\/v2\/posts\/6168\/revisions"}],"wp:featuredmedia":[{"embeddable":true,"href":"http:\/\/elobservatorio.com.mx\/index.php?rest_route=\/wp\/v2\/media\/6169"}],"wp:attachment":[{"href":"http:\/\/elobservatorio.com.mx\/index.php?rest_route=%2Fwp%2Fv2%2Fmedia&parent=6168"}],"wp:term":[{"taxonomy":"category","embeddable":true,"href":"http:\/\/elobservatorio.com.mx\/index.php?rest_route=%2Fwp%2Fv2%2Fcategories&post=6168"},{"taxonomy":"post_tag","embeddable":true,"href":"http:\/\/elobservatorio.com.mx\/index.php?rest_route=%2Fwp%2Fv2%2Ftags&post=6168"}],"curies":[{"name":"wp","href":"https:\/\/api.w.org\/{rel}","templated":true}]}}