{"id":6173,"date":"2019-07-17T00:02:37","date_gmt":"2019-07-17T00:02:37","guid":{"rendered":"http:\/\/elobservatorio.com.mx\/piden-al-gobernador-no-quitar-ni-un-maestro-mas-de-la-escuela-morelos-de-la-esperanza-coquimatlan"},"modified":"2019-07-17T00:02:37","modified_gmt":"2019-07-17T00:02:37","slug":"piden-al-gobernador-no-quitar-ni-un-maestro-mas-de-la-escuela-morelos-de-la-esperanza-coquimatlan","status":"publish","type":"post","link":"http:\/\/elobservatorio.com.mx\/?p=6173","title":{"rendered":"Piden al Gobernador no quitar ni un Maestro m\u00e1s de la Escuela Morelos de La Esperanza, Coquimatl\u00e1n"},"content":{"rendered":"<p class=\"x_gmail-MsoNoSpacing\">*Exhortan al mandatario estatal, Jos\u00e9 Ignacio Peralta S\u00e1nchez y al Secretario de Educaci\u00f3n, Jaime Flores Merlo a razonar y no perjudicar a alumnas y alumnos<\/p>\n<p class=\"x_gmail-MsoNoSpacing\">Coquimatl\u00e1n, Col.- Mediante informaci\u00f3n proporcionada a este medio de comunicaci\u00f3n, madres y padres de familia que tienen cursando sus estudios a sus hijas y sus hijos en la Escuela Primaria Jos\u00e9 Mar\u00eda Morelos y Pav\u00f3n de la comunidad La Esperanza, est\u00e1n sumamente indignados y molestos porque est\u00e1n quitando maestros del mencionado centro escolar.<\/p>\n<p class=\"x_gmail-MsoNoSpacing\">Asimismo, dieron a conocer que, ya no pueden tolerar m\u00e1s esta situaci\u00f3n ya que, con esas determinaciones, estar\u00edan poniendo en riesgo la debida formaci\u00f3n personal y acad\u00e9mica por lo que hacen un llamado a que razonen y tomen este tipo de decisiones que pueden causar perjuicio.<\/p>\n<p class=\"x_gmail-MsoNoSpacing\">Por lo anteriormente expuesto, exhortan al Gobernador del Estado de Colima, Jos\u00e9 Ignacio Peralta S\u00e1nchez y al titular de la Secretar\u00eda de Educaci\u00f3n, Jaime Flores Merlo que no quiten ni un maestro m\u00e1s de dicho plantel educativo.<\/p>\n<p>De la misma manera, piden ser escuchados por el titular del Ejecutivo en la entidad y por el funcionario estatal, para que conozcan sus inconformidades y reflexiones por el bien de las actuales y futuras generaciones de la localidad de La Esperanza, Coquimatl\u00e1n.<\/p>\n","protected":false},"excerpt":{"rendered":"<p>*Exhortan al mandatario estatal, Jos\u00e9 Ignacio Peralta S\u00e1nchez y al Secretario de Educaci\u00f3n, Jaime Flores Merlo a razonar y no perjudicar a alumnas y alumnos Coquimatl\u00e1n, Col.- Mediante informaci\u00f3n proporcionada a este medio de comunicaci\u00f3n, madres y padres de familia que tienen cursando sus estudios a sus hijas y sus hijos en la Escuela Primaria&#8230;<\/p>\n","protected":false},"author":2,"featured_media":6174,"comment_status":"open","ping_status":"open","sticky":false,"template":"","format":"standard","meta":{"footnotes":""},"categories":[41,8],"tags":[29,30,28],"class_list":["post-6173","post","type-post","status-publish","format-standard","has-post-thumbnail","hentry","category-coquimatlan","category-municipios","tag-grid","tag-news","tag-slider"],"_links":{"self":[{"href":"http:\/\/elobservatorio.com.mx\/index.php?rest_route=\/wp\/v2\/posts\/6173"}],"collection":[{"href":"http:\/\/elobservatorio.com.mx\/index.php?rest_route=\/wp\/v2\/posts"}],"about":[{"href":"http:\/\/elobservatorio.com.mx\/index.php?rest_route=\/wp\/v2\/types\/post"}],"author":[{"embeddable":true,"href":"http:\/\/elobservatorio.com.mx\/index.php?rest_route=\/wp\/v2\/users\/2"}],"replies":[{"embeddable":true,"href":"http:\/\/elobservatorio.com.mx\/index.php?rest_route=%2Fwp%2Fv2%2Fcomments&post=6173"}],"version-history":[{"count":0,"href":"http:\/\/elobservatorio.com.mx\/index.php?rest_route=\/wp\/v2\/posts\/6173\/revisions"}],"wp:featuredmedia":[{"embeddable":true,"href":"http:\/\/elobservatorio.com.mx\/index.php?rest_route=\/wp\/v2\/media\/6174"}],"wp:attachment":[{"href":"http:\/\/elobservatorio.com.mx\/index.php?rest_route=%2Fwp%2Fv2%2Fmedia&parent=6173"}],"wp:term":[{"taxonomy":"category","embeddable":true,"href":"http:\/\/elobservatorio.com.mx\/index.php?rest_route=%2Fwp%2Fv2%2Fcategories&post=6173"},{"taxonomy":"post_tag","embeddable":true,"href":"http:\/\/elobservatorio.com.mx\/index.php?rest_route=%2Fwp%2Fv2%2Ftags&post=6173"}],"curies":[{"name":"wp","href":"https:\/\/api.w.org\/{rel}","templated":true}]}}