{"id":6176,"date":"2019-07-17T18:21:30","date_gmt":"2019-07-17T18:21:30","guid":{"rendered":"http:\/\/elobservatorio.com.mx\/felipe-cruz-arranca-foro-ciudadano-para-mejorar-la-reglamentacion-ambiental"},"modified":"2019-07-17T18:21:30","modified_gmt":"2019-07-17T18:21:30","slug":"felipe-cruz-arranca-foro-ciudadano-para-mejorar-la-reglamentacion-ambiental","status":"publish","type":"post","link":"http:\/\/elobservatorio.com.mx\/?p=6176","title":{"rendered":"Felipe Cruz arranca Foro Ciudadano para mejorar la reglamentaci\u00f3n ambiental"},"content":{"rendered":"<p><em>*Lo ponen en marcha el alcalde Felipe Cruz, el regidor Josu\u00e9 Vergara, ciudadanos, acad\u00e9micos, estudiantes y asociaciones ambientalistas<\/em><\/p>\n<p>Estamos en deuda con nuestro medio ambiente, y este foro ser\u00e1 un buen paso para mejorar la reglamentaci\u00f3n municipal con respecto al cuidado de la naturaleza en nuestro municipio.<\/p>\n<p>As\u00ed lo expres\u00f3 el Presidente Municipal de Villa de \u00c1lvarez, Felipe Cruz, al poner en marcha el Primer Foro de Ecolog\u00eda para Mejorar la Reglamentaci\u00f3n Ambiental, en el Sal\u00f3n de los Presidentes de Casa de la Cultura; un foro programado para los d\u00edas 16, 17 y 18 de julio, de 18:00 horas a 20:00 horas, con siete mesas de trabajo.<\/p>\n<p>Ciudadanos, acad\u00e9micos, estudiantes y asociaciones ambientalistas se dieron cita la tarde-noche de este martes 16, en la que el edil declar\u00f3 inaugurado el Foro, previo mensaje del Presidente de la Comisi\u00f3n de Ecolog\u00eda del H. Cabildo, Josu\u00e9 Vergara; y del Director de Ecolog\u00eda, Daniel D\u00edaz, este \u00faltimo quien inform\u00f3 que desde hace 7 a\u00f1os el Reglamento de Ecolog\u00eda no ha recibido modificaci\u00f3n alguna.<\/p>\n<p>Las 7 mesas de trabajo instaladas, que continuar\u00e1n mi\u00e9rcoles y jueves, son: Normatividad Ambiental, Ordenamiento Ecol\u00f3gico y Asentamientos Humanos, Evaluaci\u00f3n del Impacto Ambiental por Actividades Humanas, Patrimonio Natural y Fauna Silvestre y Humana, Dictaminaci\u00f3n y Regulaci\u00f3n Ambiental en Actividades Econ\u00f3micas y Cultura Ciudadana Ambiental.<\/p>\n<p>Presentes, en esta actividad, entre otros representantes de instituciones, las regidoras Erandi Yunu\u00e9n Rodr\u00edguez, integrante de la Comisi\u00f3n de Ecolog\u00eda, del H. Cabildo; Perla V\u00e1zquez y Mayr\u00e9n polanco; los regidores \u00c1ngel Barbosa y Mario Padilla; y los directores de Servicios P\u00fablicos, Limpia y Sanidad, y Jur\u00eddico, H\u00e9ctor Rub\u00e9n Cisneros, Leopoldo Padilla y Miguel \u00c1ngel Sol\u00eds.<\/p>\n","protected":false},"excerpt":{"rendered":"<p>*Lo ponen en marcha el alcalde Felipe Cruz, el regidor Josu\u00e9 Vergara, ciudadanos, acad\u00e9micos, estudiantes y asociaciones ambientalistas Estamos en deuda con nuestro medio ambiente, y este foro ser\u00e1 un buen paso para mejorar la reglamentaci\u00f3n municipal con respecto al cuidado de la naturaleza en nuestro municipio. As\u00ed lo expres\u00f3 el Presidente Municipal de Villa&#8230;<\/p>\n","protected":false},"author":2,"featured_media":6177,"comment_status":"open","ping_status":"open","sticky":false,"template":"","format":"standard","meta":{"footnotes":""},"categories":[8,42],"tags":[29,30,28],"class_list":["post-6176","post","type-post","status-publish","format-standard","has-post-thumbnail","hentry","category-municipios","category-villa-de-alvarez","tag-grid","tag-news","tag-slider"],"_links":{"self":[{"href":"http:\/\/elobservatorio.com.mx\/index.php?rest_route=\/wp\/v2\/posts\/6176"}],"collection":[{"href":"http:\/\/elobservatorio.com.mx\/index.php?rest_route=\/wp\/v2\/posts"}],"about":[{"href":"http:\/\/elobservatorio.com.mx\/index.php?rest_route=\/wp\/v2\/types\/post"}],"author":[{"embeddable":true,"href":"http:\/\/elobservatorio.com.mx\/index.php?rest_route=\/wp\/v2\/users\/2"}],"replies":[{"embeddable":true,"href":"http:\/\/elobservatorio.com.mx\/index.php?rest_route=%2Fwp%2Fv2%2Fcomments&post=6176"}],"version-history":[{"count":0,"href":"http:\/\/elobservatorio.com.mx\/index.php?rest_route=\/wp\/v2\/posts\/6176\/revisions"}],"wp:featuredmedia":[{"embeddable":true,"href":"http:\/\/elobservatorio.com.mx\/index.php?rest_route=\/wp\/v2\/media\/6177"}],"wp:attachment":[{"href":"http:\/\/elobservatorio.com.mx\/index.php?rest_route=%2Fwp%2Fv2%2Fmedia&parent=6176"}],"wp:term":[{"taxonomy":"category","embeddable":true,"href":"http:\/\/elobservatorio.com.mx\/index.php?rest_route=%2Fwp%2Fv2%2Fcategories&post=6176"},{"taxonomy":"post_tag","embeddable":true,"href":"http:\/\/elobservatorio.com.mx\/index.php?rest_route=%2Fwp%2Fv2%2Ftags&post=6176"}],"curies":[{"name":"wp","href":"https:\/\/api.w.org\/{rel}","templated":true}]}}