{"id":618,"date":"2018-11-26T23:12:06","date_gmt":"2018-11-26T23:12:06","guid":{"rendered":"http:\/\/elobservatorio.com.mx\/felipe-cruz-patronato-y-empresa-%e2%80%9cmundo-torero%e2%80%9d-firman-contrato-para-los-festejos-charrotaurinos-2019-2020-y-2021"},"modified":"2018-11-26T23:12:06","modified_gmt":"2018-11-26T23:12:06","slug":"felipe-cruz-patronato-y-empresa-%e2%80%9cmundo-torero%e2%80%9d-firman-contrato-para-los-festejos-charrotaurinos-2019-2020-y-2021","status":"publish","type":"post","link":"http:\/\/elobservatorio.com.mx\/?p=618","title":{"rendered":"Felipe Cruz, Patronato y Empresa \u201cMundo Torero\u201d Firman Contrato para los Festejos Charrotaurinos 2019, 2020 y 2021"},"content":{"rendered":"<p>El Presidente Municipal de Villa de \u00c1lvarez, Felipe Cruz Calvario, el Patronato de Festejos Charrotaurinos, representado por Jorge Fern\u00e1ndez Cerda, y la empresa Mundo Torero, representada por sus socios y fundadores Arturo D\u00edaz P\u00e9rez y y Jos\u00e9 Antonio Hern\u00e1ndez Montiel, firmaron un contrato para que esta empresa se haga cargo de la realizaci\u00f3n de los Festejos Charrotaurinos, correspondiente a la fiesta brava, en sus ediciones 2019, 2020 y 2021.<\/p>\n<p>En la oficina del alcalde, donde fue firmado dicho documento, aportaron su firma, adem\u00e1s, la Secretaria del Ayuntamiento, M\u00f3nica Guti\u00e9rrez Mendoza, como responsable jur\u00eddico de la instituci\u00f3n, y la regidora Erandi Yunu\u00e9n Rodr\u00edguez Alonzo, presidenta de la Comisi\u00f3n de Festejos Charrotaurinos en el Cabildo.<\/p>\n","protected":false},"excerpt":{"rendered":"<p>El Presidente Municipal de Villa de \u00c1lvarez, Felipe Cruz Calvario, el Patronato de Festejos Charrotaurinos, representado por Jorge Fern\u00e1ndez Cerda, y la empresa Mundo Torero, representada por sus socios y fundadores Arturo D\u00edaz P\u00e9rez y y Jos\u00e9 Antonio Hern\u00e1ndez Montiel, firmaron un contrato para que esta empresa se haga cargo de la realizaci\u00f3n de los&#8230;<\/p>\n","protected":false},"author":2,"featured_media":619,"comment_status":"open","ping_status":"open","sticky":false,"template":"","format":"standard","meta":{"footnotes":""},"categories":[8,42],"tags":[29,30,28],"class_list":["post-618","post","type-post","status-publish","format-standard","has-post-thumbnail","hentry","category-municipios","category-villa-de-alvarez","tag-grid","tag-news","tag-slider"],"_links":{"self":[{"href":"http:\/\/elobservatorio.com.mx\/index.php?rest_route=\/wp\/v2\/posts\/618"}],"collection":[{"href":"http:\/\/elobservatorio.com.mx\/index.php?rest_route=\/wp\/v2\/posts"}],"about":[{"href":"http:\/\/elobservatorio.com.mx\/index.php?rest_route=\/wp\/v2\/types\/post"}],"author":[{"embeddable":true,"href":"http:\/\/elobservatorio.com.mx\/index.php?rest_route=\/wp\/v2\/users\/2"}],"replies":[{"embeddable":true,"href":"http:\/\/elobservatorio.com.mx\/index.php?rest_route=%2Fwp%2Fv2%2Fcomments&post=618"}],"version-history":[{"count":0,"href":"http:\/\/elobservatorio.com.mx\/index.php?rest_route=\/wp\/v2\/posts\/618\/revisions"}],"wp:featuredmedia":[{"embeddable":true,"href":"http:\/\/elobservatorio.com.mx\/index.php?rest_route=\/wp\/v2\/media\/619"}],"wp:attachment":[{"href":"http:\/\/elobservatorio.com.mx\/index.php?rest_route=%2Fwp%2Fv2%2Fmedia&parent=618"}],"wp:term":[{"taxonomy":"category","embeddable":true,"href":"http:\/\/elobservatorio.com.mx\/index.php?rest_route=%2Fwp%2Fv2%2Fcategories&post=618"},{"taxonomy":"post_tag","embeddable":true,"href":"http:\/\/elobservatorio.com.mx\/index.php?rest_route=%2Fwp%2Fv2%2Ftags&post=618"}],"curies":[{"name":"wp","href":"https:\/\/api.w.org\/{rel}","templated":true}]}}