{"id":6186,"date":"2019-07-18T00:59:58","date_gmt":"2019-07-18T00:59:58","guid":{"rendered":"http:\/\/elobservatorio.com.mx\/por-no-acceder-sexualmente-jefe-de-la-policia-vial-en-colima-despide-a-dos-mujeres-interponen-denuncia-penal"},"modified":"2019-07-18T01:01:46","modified_gmt":"2019-07-18T01:01:46","slug":"por-no-acceder-sexualmente-jefe-de-la-policia-vial-en-colima-despide-a-dos-mujeres-interponen-denuncia-penal","status":"publish","type":"post","link":"http:\/\/elobservatorio.com.mx\/?p=6186","title":{"rendered":"Por no acceder sexualmente,  jefe de la polic\u00eda vial en Colima despide a dos mujeres; interponen denuncia penal"},"content":{"rendered":"<p><em>\u00a0 *Lucio Montan Gapi, quien se desempe\u00f1a como comandante general de la polic\u00eda vial y municipal de Colima, es acusado por empleadas que han sido victimas de\u00a0 acoso sexual, y quienes no acceden, posteriormente las\u00a0 hostiga\u00a0 laboralmente hasta lograr despedirlas. Se interpuso denuncia penal por el delito de acoso sexual<\/em><\/p>\n<p>El Observatorio Noticias<\/p>\n<p>Colima Col.- Lucio Montan Gapi, quien se desempe\u00f1a como comandante general de la polic\u00eda vial en el municipio de Colima, fue denunciado penalmente por el delito de acoso sexual, la cual fue interpuesta por una de las victimas, empleada a la que al no acceder sexualmente la ha acosado laboralmente,conducta que ha aplicado con todas las empleadas este servidor p\u00fablico.<\/p>\n<p>Hace unas semanas, a trav\u00e9s de este medio de comunicaci\u00f3n en el programa #ConTodo,\u00a0 que se transmite en vivo todos los jueves, empleadas hicieron llegar dicha informaci\u00f3n para hacerlo p\u00fablico en dicho medio, con la intenci\u00f3n de que el alcalde de Colima, Leoncio Mor\u00e1n S\u00e1nchez\u00a0 se diera cuenta de los problemas que se viven al interior de la corporaci\u00f3n polic\u00edaca con este sujeto, dado a que no los ha volteado a ver para darles soluci\u00f3n a esta problem\u00e1tica.<\/p>\n<p>Una de las afectadas, relat\u00f3 que el sujeto cuando tiene inter\u00e9s en alguna mujer\u00a0\u00a0de manera indirecta les pide un abrazo, o les dice alg\u00fan piropo, y no las deja en paz hasta conseguir su objetivo, cuando de pronto las logra hartar o no acceden, \u00e9ste las empieza a hostigar laboralmente hasta conseguir despedirlas.<\/p>\n<p><img loading=\"lazy\" decoding=\"async\" class=\"alignnone size-full wp-image-6188\" src=\"http:\/\/noticiastecoman.com.mx\/wp-content\/uploads\/2019\/07\/denuncia1.jpg\" alt=\"\" width=\"506\" height=\"900\" srcset=\"http:\/\/elobservatorio.com.mx\/wp-content\/uploads\/2019\/07\/denuncia1.jpg 506w, http:\/\/elobservatorio.com.mx\/wp-content\/uploads\/2019\/07\/denuncia1-169x300.jpg 169w\" sizes=\"(max-width: 506px) 100vw, 506px\" \/><\/p>\n<p>\u00abYa van dos casos, despidieron a una empleada porque no quiso acceder a su capricho y ya se registr\u00f3 el segundo, en donde a otra empleada le hizo mismo. La enviaron a prop\u00f3sito a un \u00abcurso de capacitaci\u00f3n\u00bb, que ser\u00eda del d\u00eda 8 de julio al 6 de diciembre, la mandan a la academia y despu\u00e9s de cumplir la semana,\u00a0 la regresan argumentando que no deb\u00eda estar ah\u00ed debido a que hab\u00eda reprobado los ex\u00e1menes,\u00a0 lo cual es il\u00f3gico ya que ning\u00fan elemento reprobado puede ir a ese lugar. Ese mismo d\u00eda la incorporan de nuevo a grupo a trabajar, y el lunes de esta semana la despidieron. No sin antes hacerla firmar un papel bajo amenaza donde se desist\u00eda a algo en contra de ellos\u00bb.<\/p>\n<p><img loading=\"lazy\" decoding=\"async\" class=\"alignnone size-full wp-image-6190\" src=\"http:\/\/noticiastecoman.com.mx\/wp-content\/uploads\/2019\/07\/acoso.jpg\" alt=\"\" width=\"302\" height=\"482\" srcset=\"http:\/\/elobservatorio.com.mx\/wp-content\/uploads\/2019\/07\/acoso.jpg 302w, http:\/\/elobservatorio.com.mx\/wp-content\/uploads\/2019\/07\/acoso-188x300.jpg 188w\" sizes=\"(max-width: 302px) 100vw, 302px\" \/><\/p>\n<p><em>Pie de foto: Lucio Montan Gapy<\/em><\/p>\n<p>Asimismo denunciaron que por la misma linea de trabajo se conduce el director de vialidad, el tecomense, Jos\u00e9 Guadalupe Garc\u00eda Ortiz quien tiene ya una empleada embarazada y de la cual no se quiere hacer responsable y quien ademas pretende ascender al cargo de director general de la corporaci\u00f3n, que actualmente tiene el Coronel Gabriel Barrera, adem\u00e1s de que Lucio Montan Gapi<em>, <\/em>el acosador de mujeres, pretende llegar al cargo de subdirector de vialidad, cargo que desempe\u00f1a el tecomense Jose Guadalupe Garc\u00eda Ort\u00edz<\/p>\n<p><img loading=\"lazy\" decoding=\"async\" class=\"alignnone size-full wp-image-6189\" src=\"http:\/\/noticiastecoman.com.mx\/wp-content\/uploads\/2019\/07\/denuncia2.jpg\" alt=\"\" width=\"506\" height=\"900\" srcset=\"http:\/\/elobservatorio.com.mx\/wp-content\/uploads\/2019\/07\/denuncia2.jpg 506w, http:\/\/elobservatorio.com.mx\/wp-content\/uploads\/2019\/07\/denuncia2-169x300.jpg 169w\" sizes=\"(max-width: 506px) 100vw, 506px\" \/><\/p>\n<p>&nbsp;<\/p>\n<p>&nbsp;<\/p>\n<p>&nbsp;<\/p>\n<p>&nbsp;<\/p>\n<p>&nbsp;<\/p>\n","protected":false},"excerpt":{"rendered":"<p>\u00a0 *Lucio Montan Gapi, quien se desempe\u00f1a como comandante general de la polic\u00eda vial y municipal de Colima, es acusado por empleadas que han sido victimas de\u00a0 acoso sexual, y quienes no acceden, posteriormente las\u00a0 hostiga\u00a0 laboralmente hasta lograr despedirlas. Se interpuso denuncia penal por el delito de acoso sexual El Observatorio Noticias Colima Col.-&#8230;<\/p>\n","protected":false},"author":2,"featured_media":6189,"comment_status":"open","ping_status":"open","sticky":false,"template":"","format":"standard","meta":{"footnotes":""},"categories":[36,8],"tags":[29,30,28],"class_list":["post-6186","post","type-post","status-publish","format-standard","has-post-thumbnail","hentry","category-colima","category-municipios","tag-grid","tag-news","tag-slider"],"_links":{"self":[{"href":"http:\/\/elobservatorio.com.mx\/index.php?rest_route=\/wp\/v2\/posts\/6186"}],"collection":[{"href":"http:\/\/elobservatorio.com.mx\/index.php?rest_route=\/wp\/v2\/posts"}],"about":[{"href":"http:\/\/elobservatorio.com.mx\/index.php?rest_route=\/wp\/v2\/types\/post"}],"author":[{"embeddable":true,"href":"http:\/\/elobservatorio.com.mx\/index.php?rest_route=\/wp\/v2\/users\/2"}],"replies":[{"embeddable":true,"href":"http:\/\/elobservatorio.com.mx\/index.php?rest_route=%2Fwp%2Fv2%2Fcomments&post=6186"}],"version-history":[{"count":0,"href":"http:\/\/elobservatorio.com.mx\/index.php?rest_route=\/wp\/v2\/posts\/6186\/revisions"}],"wp:featuredmedia":[{"embeddable":true,"href":"http:\/\/elobservatorio.com.mx\/index.php?rest_route=\/wp\/v2\/media\/6189"}],"wp:attachment":[{"href":"http:\/\/elobservatorio.com.mx\/index.php?rest_route=%2Fwp%2Fv2%2Fmedia&parent=6186"}],"wp:term":[{"taxonomy":"category","embeddable":true,"href":"http:\/\/elobservatorio.com.mx\/index.php?rest_route=%2Fwp%2Fv2%2Fcategories&post=6186"},{"taxonomy":"post_tag","embeddable":true,"href":"http:\/\/elobservatorio.com.mx\/index.php?rest_route=%2Fwp%2Fv2%2Ftags&post=6186"}],"curies":[{"name":"wp","href":"https:\/\/api.w.org\/{rel}","templated":true}]}}