{"id":6217,"date":"2019-07-19T23:03:04","date_gmt":"2019-07-19T23:03:04","guid":{"rendered":"http:\/\/elobservatorio.com.mx\/manzanillenses-se-sienten-inseguros-segun-encuesta-del-inegi"},"modified":"2019-07-19T23:03:04","modified_gmt":"2019-07-19T23:03:04","slug":"manzanillenses-se-sienten-inseguros-segun-encuesta-del-inegi","status":"publish","type":"post","link":"http:\/\/elobservatorio.com.mx\/?p=6217","title":{"rendered":"Manzanillenses se sienten inseguros, seg\u00fan encuesta del INEGI"},"content":{"rendered":"<p><em>*En el segundo trimestre del a\u00f1o, la percepci\u00f3n de inseguridad tuvo una ligera disminuci\u00f3n a nivel nacional comparada con el primer trimestre =3 de cada 4 ciudadanos se sienten inseguros.<\/em><\/p>\n<p>Alfredo Quiles Cabrera<\/p>\n<p>En el segundo trimestre del a\u00f1o, la percepci\u00f3n ciudadana en inseguridad aument\u00f3 en el municipio de Manzanillo, seg\u00fan la Encuesta realizada por el Instituto Nacional de Estad\u00edstica y Geograf\u00eda (Inegi), la que destaca que 3 de cada 4 ciudadanos consultados se siente inseguros.<\/p>\n<p>De acuerdo con la encuesta realizada por el Inegi, las mujeres siguen sinti\u00e9ndose m\u00e1s inseguras que los hombres en la ciudad en la que viven.<\/p>\n<p>Las 5 ciudades donde sus habitantes se sienten m\u00e1s inseguros son Ecatepec, Coatzacoalcos, Naucalpan, Villahermosa y Tapachula.<\/p>\n<p>Las ciudades en las que m\u00e1s aument\u00f3 la percepci\u00f3n de inseguridad fueron Manzanillo, Saltillo, Hermosillo, L\u00e1zaro C\u00e1rdenas y Los Mochis.<\/p>\n<p>En Manzanillo, una de las ciudades que m\u00e1s aument\u00f3 la percepci\u00f3n de inseguridad, el 26 de mayo un joven de 15 a\u00f1os fue asesinado en un asalto en una tienda de la cadena Kiosco.<\/p>\n<p>San Pedro Garza Garc\u00eda, es la ciudad en la que se registr\u00f3 la mayor disminuci\u00f3n en percepci\u00f3n de inseguridad junto a Tuxtla Guti\u00e9rrez, Guadalupe, Puerto Vallarta y Mazatl\u00e1n.<\/p>\n<p>A nivel nacional, el lugar m\u00e1s inseguro para los encuestados siguen siendo los cajeros autom\u00e1ticos, seguidos del transporte p\u00fablico y los bancos.<\/p>\n<p>En esta ocasi\u00f3n, el Inegi agreg\u00f3 una pregunta sobre el desempe\u00f1o de la Guardia Nacional, 3 de cada 10 mexicanos mayores de 18 a\u00f1os la conoce y el 70 por ciento de ellos, considera que es algo o muy efectiva.<\/p>\n","protected":false},"excerpt":{"rendered":"<p>*En el segundo trimestre del a\u00f1o, la percepci\u00f3n de inseguridad tuvo una ligera disminuci\u00f3n a nivel nacional comparada con el primer trimestre =3 de cada 4 ciudadanos se sienten inseguros. Alfredo Quiles Cabrera En el segundo trimestre del a\u00f1o, la percepci\u00f3n ciudadana en inseguridad aument\u00f3 en el municipio de Manzanillo, seg\u00fan la Encuesta realizada por&#8230;<\/p>\n","protected":false},"author":2,"featured_media":6218,"comment_status":"open","ping_status":"open","sticky":false,"template":"","format":"standard","meta":{"footnotes":""},"categories":[15],"tags":[29,30,28],"class_list":["post-6217","post","type-post","status-publish","format-standard","has-post-thumbnail","hentry","category-seguridad-y-justicia","tag-grid","tag-news","tag-slider"],"_links":{"self":[{"href":"http:\/\/elobservatorio.com.mx\/index.php?rest_route=\/wp\/v2\/posts\/6217"}],"collection":[{"href":"http:\/\/elobservatorio.com.mx\/index.php?rest_route=\/wp\/v2\/posts"}],"about":[{"href":"http:\/\/elobservatorio.com.mx\/index.php?rest_route=\/wp\/v2\/types\/post"}],"author":[{"embeddable":true,"href":"http:\/\/elobservatorio.com.mx\/index.php?rest_route=\/wp\/v2\/users\/2"}],"replies":[{"embeddable":true,"href":"http:\/\/elobservatorio.com.mx\/index.php?rest_route=%2Fwp%2Fv2%2Fcomments&post=6217"}],"version-history":[{"count":0,"href":"http:\/\/elobservatorio.com.mx\/index.php?rest_route=\/wp\/v2\/posts\/6217\/revisions"}],"wp:featuredmedia":[{"embeddable":true,"href":"http:\/\/elobservatorio.com.mx\/index.php?rest_route=\/wp\/v2\/media\/6218"}],"wp:attachment":[{"href":"http:\/\/elobservatorio.com.mx\/index.php?rest_route=%2Fwp%2Fv2%2Fmedia&parent=6217"}],"wp:term":[{"taxonomy":"category","embeddable":true,"href":"http:\/\/elobservatorio.com.mx\/index.php?rest_route=%2Fwp%2Fv2%2Fcategories&post=6217"},{"taxonomy":"post_tag","embeddable":true,"href":"http:\/\/elobservatorio.com.mx\/index.php?rest_route=%2Fwp%2Fv2%2Ftags&post=6217"}],"curies":[{"name":"wp","href":"https:\/\/api.w.org\/{rel}","templated":true}]}}