{"id":624,"date":"2018-11-26T23:41:30","date_gmt":"2018-11-26T23:41:30","guid":{"rendered":"http:\/\/elobservatorio.com.mx\/aseguran-arsenal-y-detienen-a-cuatro-sujetos-en-operativo-coordinado-ssp"},"modified":"2018-11-26T23:41:30","modified_gmt":"2018-11-26T23:41:30","slug":"aseguran-arsenal-y-detienen-a-cuatro-sujetos-en-operativo-coordinado-ssp","status":"publish","type":"post","link":"http:\/\/elobservatorio.com.mx\/?p=624","title":{"rendered":"Aseguran arsenal y detienen a cuatro  sujetos en operativo coordinado: SSP"},"content":{"rendered":"<p class=\"x_MsoNormal\"><em>*Tambi\u00e9n se asegur\u00f3 equipo t\u00e1ctico y cuatro veh\u00edculos<\/em><\/p>\n<p class=\"x_MsoNormal\">El aseguramiento de 10armas largas, dos cortas, una subametralladora y m\u00e1s de 3 mil cartuchos de diferentes calibres, es resultado de un operativo conjunto desarrollado en el municipio de Cuauht\u00e9moc, por parte de la Secretar\u00eda de Seguridad P\u00fablica, la Fiscal\u00eda General del Estado y la Secretar\u00eda de la Defensa Nacional (Sedena).<\/p>\n<p class=\"x_MsoNormal\">Como parte de la estrategia de combate a la delincuencia, las instituciones que en Colima integran el Programa de Operaciones Interinstitucionales para los 50 Municipios de Atenci\u00f3n Prioritaria, tambi\u00e9n detuvieron a cuatro personas y aseguraron igual n\u00famero de veh\u00edculos en la carretera Colima-Guadalajara, a la altura de la poblaci\u00f3n de Queser\u00eda.<\/p>\n<p class=\"x_MsoNormal\">Adem\u00e1s de lo ya mencionado, las corporaciones les decomisaron a estas personas un n\u00famero considerable de cargadores y silenciadores para diferentes tipos de armas, chalecos t\u00e1cticos y placas bal\u00edsticas.<\/p>\n<p class=\"x_MsoNormal\">La Secretar\u00eda de Seguridad P\u00fablica y la Fiscal\u00eda General del Estado pusieron a disposici\u00f3n del Ministerio P\u00fablico Federal a los imputados, el armamento y todas las evidencias aseguradas, por tratarse del delito de Violaci\u00f3n a la Ley Federal de Armas de Fuego y Explosivos.<\/p>\n<p class=\"x_MsoNormal\">El trabajo coordinado de instituciones federales y estatales, sigue dando resultados en materia de prevenci\u00f3n y combate a los delitos que se cometen en Colima, por ello se contin\u00faa pidiendo a la sociedad su colaboraci\u00f3n a trav\u00e9s de denuncias an\u00f3nimas a la l\u00ednea 089 y el reporte de emergencias al 911.<\/p>\n<p class=\"x_MsoNormal\">\n","protected":false},"excerpt":{"rendered":"<p>*Tambi\u00e9n se asegur\u00f3 equipo t\u00e1ctico y cuatro veh\u00edculos El aseguramiento de 10armas largas, dos cortas, una subametralladora y m\u00e1s de 3 mil cartuchos de diferentes calibres, es resultado de un operativo conjunto desarrollado en el municipio de Cuauht\u00e9moc, por parte de la Secretar\u00eda de Seguridad P\u00fablica, la Fiscal\u00eda General del Estado y la Secretar\u00eda de&#8230;<\/p>\n","protected":false},"author":2,"featured_media":625,"comment_status":"open","ping_status":"open","sticky":false,"template":"","format":"standard","meta":{"footnotes":""},"categories":[15],"tags":[29,30,28],"class_list":["post-624","post","type-post","status-publish","format-standard","has-post-thumbnail","hentry","category-seguridad-y-justicia","tag-grid","tag-news","tag-slider"],"_links":{"self":[{"href":"http:\/\/elobservatorio.com.mx\/index.php?rest_route=\/wp\/v2\/posts\/624"}],"collection":[{"href":"http:\/\/elobservatorio.com.mx\/index.php?rest_route=\/wp\/v2\/posts"}],"about":[{"href":"http:\/\/elobservatorio.com.mx\/index.php?rest_route=\/wp\/v2\/types\/post"}],"author":[{"embeddable":true,"href":"http:\/\/elobservatorio.com.mx\/index.php?rest_route=\/wp\/v2\/users\/2"}],"replies":[{"embeddable":true,"href":"http:\/\/elobservatorio.com.mx\/index.php?rest_route=%2Fwp%2Fv2%2Fcomments&post=624"}],"version-history":[{"count":0,"href":"http:\/\/elobservatorio.com.mx\/index.php?rest_route=\/wp\/v2\/posts\/624\/revisions"}],"wp:featuredmedia":[{"embeddable":true,"href":"http:\/\/elobservatorio.com.mx\/index.php?rest_route=\/wp\/v2\/media\/625"}],"wp:attachment":[{"href":"http:\/\/elobservatorio.com.mx\/index.php?rest_route=%2Fwp%2Fv2%2Fmedia&parent=624"}],"wp:term":[{"taxonomy":"category","embeddable":true,"href":"http:\/\/elobservatorio.com.mx\/index.php?rest_route=%2Fwp%2Fv2%2Fcategories&post=624"},{"taxonomy":"post_tag","embeddable":true,"href":"http:\/\/elobservatorio.com.mx\/index.php?rest_route=%2Fwp%2Fv2%2Ftags&post=624"}],"curies":[{"name":"wp","href":"https:\/\/api.w.org\/{rel}","templated":true}]}}