{"id":6240,"date":"2019-07-20T03:28:00","date_gmt":"2019-07-20T03:28:00","guid":{"rendered":"http:\/\/elobservatorio.com.mx\/juez-ordena-reinstalar-a-policia-vial-despedida-por-no-acceder-sexualmente-con-su-jefe-este-desacata-la-orden"},"modified":"2019-07-20T03:41:40","modified_gmt":"2019-07-20T03:41:40","slug":"juez-ordena-reinstalar-a-policia-vial-despedida-por-no-acceder-sexualmente-con-su-jefe-este-desacata-la-orden","status":"publish","type":"post","link":"http:\/\/elobservatorio.com.mx\/?p=6240","title":{"rendered":"Juez ordena reinstalar a polic\u00eda vial despedida por no acceder sexualmente con su jefe, \u00e9ste desacata la orden"},"content":{"rendered":"<p><em>*Tras la denuncia p\u00fablica realizada a trav\u00e9s de este medio, la trabajadora de la Direcci\u00f3n de Seguridad Vial y Municipal de Colima que fue despedida por no acceder sexualmente con el jefe, solicit\u00f3 un amparo de la justicia la cual se le ordena la reinstalaci\u00f3n a su puesto de trabajo.<\/em><\/p>\n<p>Colima Col.- Un juez Federal le orden\u00f3 al titular de la direcci\u00f3n de polic\u00eda vial y municipal de Colima, Coronel Jos\u00e9 Gabriel Barrera C\u00e1rdenas, la reinstalaci\u00f3n inmediata a su lugar de trabajo a la mujer que fue despedida por no acceder sexualmente con su jefe inmediato, de nombre Lucio Montan Gapi, quien se desempe\u00f1a como Comandante\u00a0 General de la Polic\u00eda Vial y Municipal de Colima.<\/p>\n<p>Dicha reinstalaci\u00f3n tendr\u00eda que haberse dado este d\u00eda viernes (19) sin embargo, al presentarse a laborar, el titular de la dependencia hizo caso omiso a la orden del juez que a trav\u00e9s de un amparo le hab\u00eda solicitado la reinstalaci\u00f3n inmediata de la afectada, dej\u00e1ndola nuevamente\u00a0 sin el empleo y violando una orden de un juez.<\/p>\n<p>El d\u00eda del despido, la trabajadora solicit\u00f3 el apoyo legal, concedi\u00e9ndole ese mismo d\u00eda el amparo, inmediatamente circul\u00f3 la informaci\u00f3n a trav\u00e9s de grupos de whatsapp para informar sobre dicho amparo, el cual dice lo siguiente:<\/p>\n<p>\u00abBuenas tardes Compa\u00f1eros y compa\u00f1eras, recordar\u00e1n que el d\u00eda de ayer sali\u00f3 una nota donde una compa\u00f1era iba a ser dada de baja por interponer denuncia penal en contra de sus jefes en la Polic\u00eda Municipal de Colima por abuso de autoridad, acoso sexual, hostigamiento laboral y otros delitos y que por ese motivo pensaban sus mandos darlas de baja, pues bien les informo que se le tramito su amparo por medio de la Asociaci\u00f3n y hoy fuimos notificados, y hemos logrado la Suspensi\u00f3n Provisional de los actos reclamados logrando que el Juez de lo Federal concediera la Suspensi\u00f3n para evitar fuera separada de sus funciones como Polic\u00eda Vial.La inmediatez en cuesti\u00f3n de defensa legal es de suma importancia para lograr la justicia. Nuestra Asociaci\u00f3n civil SEGDSALT-AC sigue en la vanguardia en defensa de sus afiliados\u00bb.<\/p>\n<p>Sin embargo, el titular de la direcci\u00f3n antes mencionada hizo caso omiso de dicha orden del juez federal.<\/p>\n<p><img loading=\"lazy\" decoding=\"async\" class=\"alignnone size-medium wp-image-6244\" src=\"http:\/\/noticiastecoman.com.mx\/wp-content\/uploads\/2019\/07\/asociaci\u00f3n-300x284.jpg\" alt=\"\" width=\"300\" height=\"284\" srcset=\"http:\/\/elobservatorio.com.mx\/wp-content\/uploads\/2019\/07\/asociaci\u00f3n-300x284.jpg 300w, http:\/\/elobservatorio.com.mx\/wp-content\/uploads\/2019\/07\/asociaci\u00f3n.jpg 540w\" sizes=\"(max-width: 300px) 100vw, 300px\" \/><\/p>\n","protected":false},"excerpt":{"rendered":"<p>*Tras la denuncia p\u00fablica realizada a trav\u00e9s de este medio, la trabajadora de la Direcci\u00f3n de Seguridad Vial y Municipal de Colima que fue despedida por no acceder sexualmente con el jefe, solicit\u00f3 un amparo de la justicia la cual se le ordena la reinstalaci\u00f3n a su puesto de trabajo. Colima Col.- Un juez Federal&#8230;<\/p>\n","protected":false},"author":2,"featured_media":6241,"comment_status":"open","ping_status":"open","sticky":false,"template":"","format":"standard","meta":{"footnotes":""},"categories":[36,8],"tags":[29,30,28],"class_list":["post-6240","post","type-post","status-publish","format-standard","has-post-thumbnail","hentry","category-colima","category-municipios","tag-grid","tag-news","tag-slider"],"_links":{"self":[{"href":"http:\/\/elobservatorio.com.mx\/index.php?rest_route=\/wp\/v2\/posts\/6240"}],"collection":[{"href":"http:\/\/elobservatorio.com.mx\/index.php?rest_route=\/wp\/v2\/posts"}],"about":[{"href":"http:\/\/elobservatorio.com.mx\/index.php?rest_route=\/wp\/v2\/types\/post"}],"author":[{"embeddable":true,"href":"http:\/\/elobservatorio.com.mx\/index.php?rest_route=\/wp\/v2\/users\/2"}],"replies":[{"embeddable":true,"href":"http:\/\/elobservatorio.com.mx\/index.php?rest_route=%2Fwp%2Fv2%2Fcomments&post=6240"}],"version-history":[{"count":0,"href":"http:\/\/elobservatorio.com.mx\/index.php?rest_route=\/wp\/v2\/posts\/6240\/revisions"}],"wp:featuredmedia":[{"embeddable":true,"href":"http:\/\/elobservatorio.com.mx\/index.php?rest_route=\/wp\/v2\/media\/6241"}],"wp:attachment":[{"href":"http:\/\/elobservatorio.com.mx\/index.php?rest_route=%2Fwp%2Fv2%2Fmedia&parent=6240"}],"wp:term":[{"taxonomy":"category","embeddable":true,"href":"http:\/\/elobservatorio.com.mx\/index.php?rest_route=%2Fwp%2Fv2%2Fcategories&post=6240"},{"taxonomy":"post_tag","embeddable":true,"href":"http:\/\/elobservatorio.com.mx\/index.php?rest_route=%2Fwp%2Fv2%2Ftags&post=6240"}],"curies":[{"name":"wp","href":"https:\/\/api.w.org\/{rel}","templated":true}]}}