{"id":6258,"date":"2019-07-20T05:15:39","date_gmt":"2019-07-20T05:15:39","guid":{"rendered":"http:\/\/elobservatorio.com.mx\/presentan-a-las-10-aspirantes-a-reina-de-la-feria-de-todos-los-santos-colima-2019"},"modified":"2019-07-20T05:15:39","modified_gmt":"2019-07-20T05:15:39","slug":"presentan-a-las-10-aspirantes-a-reina-de-la-feria-de-todos-los-santos-colima-2019","status":"publish","type":"post","link":"http:\/\/elobservatorio.com.mx\/?p=6258","title":{"rendered":"Presentan a las 10 aspirantes a reina de la  Feria de Todos los Santos, Colima 2019"},"content":{"rendered":"<p class=\"x_MsoNormal\">El Gobierno del Estado a trav\u00e9s del Instituto de Fomento de Ferias y Exposiciones de Colima, llev\u00f3 a cabo la presentaci\u00f3n de las 10 aspirantes a reina de la Feria de Todos los Santos, Colima 2019.<\/p>\n<p class=\"x_MsoNormal\">En las instalaciones de la Plaza comercial Zentralia, el director del Instituto de Fomento de Ferias y Exposiciones, Petronilo V\u00e1zquez Vuelvas, dijo que con esto se marca el inicio de las actividades previas a lo que ser\u00e1 la edici\u00f3n 2019 del m\u00e1ximo festejo de los colimenses.<\/p>\n<p class=\"x_MsoNormal\">V\u00e1zquez Vuelvas detall\u00f3 que las aspirantes son Miriam Noem\u00ed Montes Gonz\u00e1lez, de Armer\u00eda; Karla Jazm\u00edn P\u00e9rez Mac\u00edas, de Colima; Ana Paulina Gonz\u00e1lez Ochoa, de Comala; Beatriz Guadalupe Rivera Far\u00edas, de Coquimatl\u00e1n; Mar\u00eda Fernanda Tejeda Zamora, de Cuauht\u00e9moc; Dalay Elizabeth Carrillo C\u00e1rdenas, de Ixtlahuac\u00e1n; Lorena Yazm\u00edn Casanova Aquino, de Manzanillo; Joana Elizabeth Delgado Gonz\u00e1lez, de Minatitl\u00e1n; Vanessa Isabel Corona Rubio, de Tecom\u00e1n y J\u00f3selin Elena Arreola Ru\u00edz, de Villa de \u00c1lvarez.<\/p>\n<p class=\"x_MsoNormal\">Acompa\u00f1ado por el secretario de Fomento Econ\u00f3mico, Walter A. Oldenbourg Ochoa, quien estuvo con la representaci\u00f3n del gobernador Jos\u00e9 Ignacio Peralta S\u00e1nchez, explic\u00f3 que las candidatas realizar\u00e1n una gira por el estado de Colima del 30 de agosto al 22 de septiembre, en la que cada municipio destacar\u00e1 lo mejor su turismo, cultura, costumbres y los emblem\u00e1ticos espacios que lo distinguen.<\/p>\n<p class=\"x_MsoNormal\">Indic\u00f3 que el jurado calificador estar\u00e1 compuesto por expertos en el tema, tanto locales como de car\u00e1cter nacional, mismos que se dar\u00e1n a conocer a los directivos de cada municipio una hora antes del evento final.<\/p>\n<p class=\"x_MsoNormal\">Adelant\u00f3 que el Certamen de Elecci\u00f3n de la reina se realizar\u00e1 el 19 de octubre en el casino de la Feria de Colima, un evento familiar sin costo para la poblaci\u00f3n en general.<\/p>\n<p class=\"x_MsoNormal\">Acot\u00f3 que la edici\u00f3n n\u00famero 82 de la Feria de Todos los Santos comenzar\u00e1 el 31 de octubre y finalizar\u00e1 el 17 de noviembre, \u201cuna celebraci\u00f3n popular en la que todos est\u00e1n invitados.\u201d<\/p>\n<p class=\"x_MsoNormal\">En su intervenci\u00f3n, el secretario de Fomento Econ\u00f3mico, Walter Oldenbourg Ochoa, agreg\u00f3 que en esta edici\u00f3n el Gobierno del Estado brinda todo el respaldo para difundir y resaltar la Feria de Colima y, posicionarla a\u00fan m\u00e1s como la mejor de la regi\u00f3n.<\/p>\n<p class=\"x_MsoNormal\">Por su parte, Eimy Gonz\u00e1lez \u00c1lvarez, reina de la Feria de Colima 2018, felicit\u00f3 a quienes luchan por obtener la corona e invit\u00f3 a todos los colimenses a disfrutar de nuestro m\u00e1ximo festejo.<\/p>\n<p class=\"x_MsoNormal\">En el evento estuvieron presentes la secretaria de Turismo, Mar\u00eda Luisa I\u00f1iguez M\u00e9ndez; los presidentes municipales de Minatitl\u00e1n, Lilia Figueroa; de Comala, Jos\u00e9 Donaldo Ricardo Z\u00fa\u00f1iga; de Cuauht\u00e9moc, Rafael Mendoza God\u00ednez; de Coquimatl\u00e1n, Jos\u00e9 Guadalupe Benavides Florian y, de Ixtlahuac\u00e1n, Carlos Carrazco Ch\u00e1vez; el administrador del centro comercial, Alejandro Castelazo Shuller y, la jefa del departamento de mercadotecnia de la plaza, Ambar del \u00c1ngel L\u00f3pez<\/p>\n","protected":false},"excerpt":{"rendered":"<p>El Gobierno del Estado a trav\u00e9s del Instituto de Fomento de Ferias y Exposiciones de Colima, llev\u00f3 a cabo la presentaci\u00f3n de las 10 aspirantes a reina de la Feria de Todos los Santos, Colima 2019. En las instalaciones de la Plaza comercial Zentralia, el director del Instituto de Fomento de Ferias y Exposiciones, Petronilo&#8230;<\/p>\n","protected":false},"author":2,"featured_media":6259,"comment_status":"open","ping_status":"open","sticky":false,"template":"","format":"standard","meta":{"footnotes":""},"categories":[20],"tags":[29,30,28],"class_list":["post-6258","post","type-post","status-publish","format-standard","has-post-thumbnail","hentry","category-sociales","tag-grid","tag-news","tag-slider"],"_links":{"self":[{"href":"http:\/\/elobservatorio.com.mx\/index.php?rest_route=\/wp\/v2\/posts\/6258"}],"collection":[{"href":"http:\/\/elobservatorio.com.mx\/index.php?rest_route=\/wp\/v2\/posts"}],"about":[{"href":"http:\/\/elobservatorio.com.mx\/index.php?rest_route=\/wp\/v2\/types\/post"}],"author":[{"embeddable":true,"href":"http:\/\/elobservatorio.com.mx\/index.php?rest_route=\/wp\/v2\/users\/2"}],"replies":[{"embeddable":true,"href":"http:\/\/elobservatorio.com.mx\/index.php?rest_route=%2Fwp%2Fv2%2Fcomments&post=6258"}],"version-history":[{"count":0,"href":"http:\/\/elobservatorio.com.mx\/index.php?rest_route=\/wp\/v2\/posts\/6258\/revisions"}],"wp:featuredmedia":[{"embeddable":true,"href":"http:\/\/elobservatorio.com.mx\/index.php?rest_route=\/wp\/v2\/media\/6259"}],"wp:attachment":[{"href":"http:\/\/elobservatorio.com.mx\/index.php?rest_route=%2Fwp%2Fv2%2Fmedia&parent=6258"}],"wp:term":[{"taxonomy":"category","embeddable":true,"href":"http:\/\/elobservatorio.com.mx\/index.php?rest_route=%2Fwp%2Fv2%2Fcategories&post=6258"},{"taxonomy":"post_tag","embeddable":true,"href":"http:\/\/elobservatorio.com.mx\/index.php?rest_route=%2Fwp%2Fv2%2Ftags&post=6258"}],"curies":[{"name":"wp","href":"https:\/\/api.w.org\/{rel}","templated":true}]}}