{"id":6261,"date":"2019-07-22T19:50:39","date_gmt":"2019-07-22T19:50:39","guid":{"rendered":"http:\/\/elobservatorio.com.mx\/comerciantes-del-primer-cuadro-del-centro-se-retiran-cumplen-acuerdos-serapio-de-casas"},"modified":"2019-07-22T19:52:13","modified_gmt":"2019-07-22T19:52:13","slug":"comerciantes-del-primer-cuadro-del-centro-se-retiran-cumplen-acuerdos-serapio-de-casas","status":"publish","type":"post","link":"http:\/\/elobservatorio.com.mx\/?p=6261","title":{"rendered":"Comerciantes del primer cuadro del centro se retiran;  cumplen acuerdos: Serapio de Casas"},"content":{"rendered":"<p>Tecom\u00e1n, Colima, M\u00e9xico (Bolet\u00edn).- Serapio De Casas Miramontes, regidor del Ayuntamiento de Tecom\u00e1n, dio a conocer que esta ma\u00f1ana, los comerciantes fijos del primer cuadro del municipio de Tecom\u00e1n, cumplieron con el acuerdo y compromiso de no tener sus productos fuera de sus locales comerciales.<\/p>\n<p>Esta ma\u00f1ana el regidor De Casas Miramontes, acompa\u00f1ado de los regidores Isis Carmen S\u00e1nchez Llerenas (PAN), Jachely Isabel Buenrostro Mac\u00edas y \u00c1ngel Antonio Venegas L\u00f3pez (MORENA), del Mtro. Humberto Uribe God\u00ednez, secretario del Ayuntamiento, Ing. Gerardo Cruz Liz\u00e1rraga, director de Reglamentos y Apremios, realizaron un recorrido por los portales del centro hist\u00f3rico del municipio para verificar que se haya cumplido el acuerdo entre la comisi\u00f3n de comercios y los comerciantes fijos del centro de Tecom\u00e1n.<\/p>\n<p>\u201cEs muy grato ver y saber la buena disposici\u00f3n de los comerciantes, esta ma\u00f1ana abrieron sus negocios con sus productos dentro de su local, algunos tiene a\u00fan afuera, pero esto es entendible ya que no tiene espacio por el momento para que todo su producto permanezca dentro de su local\u201d, comento De Casas Miramontes.<\/p>\n<p>Mencion\u00f3\u00a0 que durante este d\u00eda los comerciantes deber\u00e1 tomar las acciones necesarias y retirar el producto que este de m\u00e1s, ya que deben de tener sus productos por el momento de la cortina hacia dentro de su local, esto es para mejorar la imagen de nuestro municipio y sobre todo, que los ciudadanos y turistas puedan caminar y disfrutar sin problema alguno dentro de los pasillos.<\/p>\n<p>El mun\u00edcipe tecomense, coment\u00f3 que se est\u00e1 trabajando para la reubicaci\u00f3n de los vendedores ambulantes, quienes en pr\u00f3ximas fechas deber\u00e1n desocupar el lugar que en estos momentos tienen, lo cual est\u00e1n dentro de los acuerdos que se han realizado con las diversas uniones de comerciantes.<\/p>\n<p>\u201cEstamos trabajando para un fin com\u00fan, mantener los portales libres, que la poblaci\u00f3n pueda transitar libremente, que se pueda apreciar un centro hist\u00f3rico, y que tenga una mejor presentaci\u00f3n, sin afectar la econ\u00f3mica local, le apostamos a que con estas acciones, tendr\u00e1n mayores ventas ya que ten\u00edamos conocimiento que no ten\u00edan ventas debido a que la poblaci\u00f3n no pod\u00eda pasar, generando inconformidad y esto hacia que se fueran a otros lugares a adquirir alguna prenda o producto.<\/p>\n<p>De Casas Miramontes, agradeci\u00f3 a los l\u00edderes de las diversas uniones que con su apoyo se pudo llegar a consensos para poder realizar esta acci\u00f3n, y a los propietarios de los negocios, pidi\u00f3 la confianza para que se siga trabajando en mejorar la fisonom\u00eda del municipio y que el centro de Tecom\u00e1n tenga mejor presentaci\u00f3n y se tengan mayores inversiones para su beneficio.<\/p>\n","protected":false},"excerpt":{"rendered":"<p>Tecom\u00e1n, Colima, M\u00e9xico (Bolet\u00edn).- Serapio De Casas Miramontes, regidor del Ayuntamiento de Tecom\u00e1n, dio a conocer que esta ma\u00f1ana, los comerciantes fijos del primer cuadro del municipio de Tecom\u00e1n, cumplieron con el acuerdo y compromiso de no tener sus productos fuera de sus locales comerciales. Esta ma\u00f1ana el regidor De Casas Miramontes, acompa\u00f1ado de los&#8230;<\/p>\n","protected":false},"author":2,"featured_media":6262,"comment_status":"open","ping_status":"open","sticky":false,"template":"","format":"standard","meta":{"footnotes":""},"categories":[8,34],"tags":[29,30,28],"class_list":["post-6261","post","type-post","status-publish","format-standard","has-post-thumbnail","hentry","category-municipios","category-tecoman","tag-grid","tag-news","tag-slider"],"_links":{"self":[{"href":"http:\/\/elobservatorio.com.mx\/index.php?rest_route=\/wp\/v2\/posts\/6261"}],"collection":[{"href":"http:\/\/elobservatorio.com.mx\/index.php?rest_route=\/wp\/v2\/posts"}],"about":[{"href":"http:\/\/elobservatorio.com.mx\/index.php?rest_route=\/wp\/v2\/types\/post"}],"author":[{"embeddable":true,"href":"http:\/\/elobservatorio.com.mx\/index.php?rest_route=\/wp\/v2\/users\/2"}],"replies":[{"embeddable":true,"href":"http:\/\/elobservatorio.com.mx\/index.php?rest_route=%2Fwp%2Fv2%2Fcomments&post=6261"}],"version-history":[{"count":0,"href":"http:\/\/elobservatorio.com.mx\/index.php?rest_route=\/wp\/v2\/posts\/6261\/revisions"}],"wp:featuredmedia":[{"embeddable":true,"href":"http:\/\/elobservatorio.com.mx\/index.php?rest_route=\/wp\/v2\/media\/6262"}],"wp:attachment":[{"href":"http:\/\/elobservatorio.com.mx\/index.php?rest_route=%2Fwp%2Fv2%2Fmedia&parent=6261"}],"wp:term":[{"taxonomy":"category","embeddable":true,"href":"http:\/\/elobservatorio.com.mx\/index.php?rest_route=%2Fwp%2Fv2%2Fcategories&post=6261"},{"taxonomy":"post_tag","embeddable":true,"href":"http:\/\/elobservatorio.com.mx\/index.php?rest_route=%2Fwp%2Fv2%2Ftags&post=6261"}],"curies":[{"name":"wp","href":"https:\/\/api.w.org\/{rel}","templated":true}]}}